{"id":40801,"date":"2024-12-27T00:01:00","date_gmt":"2024-12-27T03:01:00","guid":{"rendered":"https:\/\/noticiasdestaque.com.br\/index.php\/2024\/12\/27\/35-da-populacao-brasileira-pretende-viajar-neste-verao\/"},"modified":"2024-12-27T00:01:00","modified_gmt":"2024-12-27T03:01:00","slug":"35-da-populacao-brasileira-pretende-viajar-neste-verao","status":"publish","type":"post","link":"https:\/\/noticiasdestaque.com.br\/index.php\/2024\/12\/27\/35-da-populacao-brasileira-pretende-viajar-neste-verao\/","title":{"rendered":"35% da popula\u00e7\u00e3o brasileira pretende viajar neste ver\u00e3o"},"content":{"rendered":"<p>\t\t\t\t\t\t\t\t\t\t<audio controls class=\"b61_audio_player\" data-noticia=\"79252\" src=\"https:\/\/brasil61.com\/rails\/active_storage\/blobs\/eyJfcmFpbHMiOnsibWVzc2FnZSI6IkJBaHBBMWNmQXc9PSIsImV4cCI6bnVsbCwicHVyIjoiYmxvYl9pZCJ9fQ==--dbf53df2a5cbc8b20954965b2e6c9c2b9a7980a9\/BRAS2413220A\"><\/audio><\/p>\n<p>Quase 60 milh\u00f5es de brasileiros pretendem viajar no ver\u00e3o, entre dezembro de 2024 e fevereiro de 2025. O n\u00famero equivale a 35% da popula\u00e7\u00e3o do pa\u00eds. Com essa proje\u00e7\u00e3o, o turismo deve movimentar R$ 148,3 bilh\u00f5es nesse per\u00edodo, considerando o gasto m\u00e9dio declarado pelos entrevistados, de R$ 2.514.<\/p>\n<p>O valor representa um aumento de 34% em rela\u00e7\u00e3o ao \u00faltimo ver\u00e3o, quando a m\u00e9dia de gasto era de R$ 1.877. Os dados constam em pesquisa elaborada pelo <a href=\"https:\/\/www.gov.br\/turismo\/pt-br\">Minist\u00e9rio do Turismo<\/a> e pela <a href=\"https:\/\/www.nexus.fsb.com.br\/\">Nexus &#8211; Pesquisa e Intelig\u00eancia de Dados<\/a>.<br \/>\n\u00a0<\/p>\n<p><a href=\"https:\/\/brasil61.com\/n\/brasil-precisa-de-r-99-76-bilhoes-para-recuperar-e-manter-suas-rodovias-bras2413218\" target=\"_blank\">Brasil precisa de R$ 99,76 bilh\u00f5es para recuperar e manter suas rodovias<\/a><\/p>\n<p><a href=\"https:\/\/brasil61.com\/n\/ministerio-de-portos-e-aeroportos-investe-r-10-5-bilhoes-para-fomentar-a-industria-naval-mpor240009\" target=\"_blank\">Minist\u00e9rio de Portos e Aeroportos investe R$ 10,5 bilh\u00f5es para fomentar a ind\u00fastria naval<\/a><br \/>\n\u00a0<\/p>\n<p>De acordo com o levantamento, a praia \u00e9 o principal destino dos entrevistados, escolhido por 54% dos brasileiros. Na sequ\u00eancia, aparecem atra\u00e7\u00f5es de natureza\/ecoturismo, op\u00e7\u00e3o de 10%. J\u00e1 aventura e sa\u00fade\/bem-estar surgem em terceiro lugar, com 5% das escolhas.<\/p>\n<h2>Outras alternativas:<\/h2>\n<ul>\n<li>Atra\u00e7\u00f5es rurais\/campo (4%)<\/li>\n<li>Atra\u00e7\u00f5es hist\u00f3rico\/culturais (4%)<\/li>\n<li>Divers\u00e3o noturna (3%)<\/li>\n<li>Esportes (2%)<\/li>\n<li>Turismo gastron\u00f4mico (2%)<\/li>\n<li>Atra\u00e7\u00f5es religiosas\/espirituais (1%)<\/li>\n<li>Frio\/neve (1%)<\/li>\n<li>Compras (1%)<br \/>\n\t\u00a0<\/li>\n<\/ul>\n<p>A pesquisa revela ainda que a Bahia deve ser o estado mais visitado no ver\u00e3o, escolhido por 16% dos entrevistados. A segunda escolha mais recorrente entre os viajantes \u00e9 S\u00e3o Paulo, com 15%. Em seguida, est\u00e1 o Rio de Janeiro, com 14%.<br \/>\n\u00a0<\/p>\n<h2>Motivos para n\u00e3o viajar neste ver\u00e3o:<\/h2>\n<p>O levantamento tamb\u00e9m registrou informa\u00e7\u00f5es sobre aqueles que n\u00e3o devem viajar neste ver\u00e3o. Para 8%, o motivo est\u00e1 relacionado a quest\u00f5es de sa\u00fade. Outros 6% afirmaram que a raz\u00e3o s\u00e3o preocupa\u00e7\u00f5es com seguran\u00e7a, enquanto 5% justificaram pela alta temporada, que torna os locais muito cheios. Para 3%, o motivo \u00e9 o tr\u00e1fego intenso em estradas ou rodovias. J\u00e1 1% apontou a m\u00e1 qualidade das estradas como fator decisivo.<\/p>\n<p>\t\t\t\t\t\t\t\t\t<img loading=\"lazy\" decoding=\"async\" src=\"https:\/\/brasil61.com\/api\/v1\/serve_pixel\/17677\/79252\" alt=\"Pixel Brasil 61\" class=\"b61_pixel\" width=\"0\" height=\"0\"><\/p>\n<input type=\"hidden\" id=\"baseurl\" value=\"https:\/\/noticiasdestaque.com.br\"><input type=\"hidden\" id=\"audio_nonce\" value=\"5128c810d9\">","protected":false},"excerpt":{"rendered":"<p>Com essa proje\u00e7\u00e3o, o turismo deve movimentar R$ 148,3 bilh\u00f5es, neste per\u00edodo<\/p>\n","protected":false},"author":1,"featured_media":40802,"comment_status":"open","ping_status":"open","sticky":false,"template":"","format":"standard","meta":{"fifu_image_url":"","fifu_image_alt":"","footnotes":""},"categories":[59],"tags":[],"class_list":["post-40801","post","type-post","status-publish","format-standard","has-post-thumbnail","hentry","category-economia"],"distributor_meta":false,"distributor_terms":false,"distributor_media":false,"distributor_original_site_name":"Noticias em Destaque","distributor_original_site_url":"https:\/\/noticiasdestaque.com.br","push-errors":false,"_links":{"self":[{"href":"https:\/\/noticiasdestaque.com.br\/index.php\/wp-json\/wp\/v2\/posts\/40801","targetHints":{"allow":["GET"]}}],"collection":[{"href":"https:\/\/noticiasdestaque.com.br\/index.php\/wp-json\/wp\/v2\/posts"}],"about":[{"href":"https:\/\/noticiasdestaque.com.br\/index.php\/wp-json\/wp\/v2\/types\/post"}],"author":[{"embeddable":true,"href":"https:\/\/noticiasdestaque.com.br\/index.php\/wp-json\/wp\/v2\/users\/1"}],"replies":[{"embeddable":true,"href":"https:\/\/noticiasdestaque.com.br\/index.php\/wp-json\/wp\/v2\/comments?post=40801"}],"version-history":[{"count":0,"href":"https:\/\/noticiasdestaque.com.br\/index.php\/wp-json\/wp\/v2\/posts\/40801\/revisions"}],"wp:featuredmedia":[{"embeddable":true,"href":"https:\/\/noticiasdestaque.com.br\/index.php\/wp-json\/wp\/v2\/media\/40802"}],"wp:attachment":[{"href":"https:\/\/noticiasdestaque.com.br\/index.php\/wp-json\/wp\/v2\/media?parent=40801"}],"wp:term":[{"taxonomy":"category","embeddable":true,"href":"https:\/\/noticiasdestaque.com.br\/index.php\/wp-json\/wp\/v2\/categories?post=40801"},{"taxonomy":"post_tag","embeddable":true,"href":"https:\/\/noticiasdestaque.com.br\/index.php\/wp-json\/wp\/v2\/tags?post=40801"}],"curies":[{"name":"wp","href":"https:\/\/api.w.org\/{rel}","templated":true}]}}