{"id":40747,"date":"2024-12-26T15:26:00","date_gmt":"2024-12-26T18:26:00","guid":{"rendered":"https:\/\/noticiasdestaque.com.br\/index.php\/2024\/12\/26\/previsao-do-tempo-norte-tera-ceu-com-muitas-nuvens-e-pancadas-de-chuva-nesta-sexta-feira-27\/"},"modified":"2024-12-26T15:26:00","modified_gmt":"2024-12-26T18:26:00","slug":"previsao-do-tempo-norte-tera-ceu-com-muitas-nuvens-e-pancadas-de-chuva-nesta-sexta-feira-27","status":"publish","type":"post","link":"https:\/\/noticiasdestaque.com.br\/index.php\/2024\/12\/26\/previsao-do-tempo-norte-tera-ceu-com-muitas-nuvens-e-pancadas-de-chuva-nesta-sexta-feira-27\/","title":{"rendered":"PREVIS\u00c3O DO TEMPO: Norte ter\u00e1 c\u00e9u com muitas nuvens e pancadas de chuva, nesta sexta-feira (27)"},"content":{"rendered":"<p>\t\t\t\t\t\t\t\t\t\t<audio controls class=\"b61_audio_player\" data-noticia=\"79256\" src=\"https:\/\/brasil61.com\/rails\/active_storage\/blobs\/eyJfcmFpbHMiOnsibWVzc2FnZSI6IkJBaHBBMW9mQXc9PSIsImV4cCI6bnVsbCwicHVyIjoiYmxvYl9pZCJ9fQ==--3e84ac7f475a84211b37da38485c1bd157708a76\/PTRN244289A\"><\/audio><\/p>\n<p>A regi\u00e3o Norte ter\u00e1 c\u00e9u com muitas nuvens e pancadas de chuva, nesta sexta-feira (27). Inclusive, h\u00e1 alerta de chuvas intensas na regi\u00e3o, exceto para o estado do Amap\u00e1.<\/p>\n<p>Para o estado do Amazonas, Par\u00e1 e Tocantins \u00a0h\u00e1 alerta de chuvas intensas com grau de severidade de perigo pela manh\u00e3. A chuva deve ter at\u00e9 100 mm e ventos intensos de at\u00e9 100 km\/h. As \u00e1reas afetadas ser\u00e3o sul e centro amazonense, sudeste e sudoeste paraense e centros oriental e ocidental de Tocantins.<\/p>\n<p>J\u00e1 Acre, Rond\u00f4nia e Roraima tamb\u00e9m devem ter chuvas intensas pela manh\u00e3, mas com grau de severidade de perigo potencial e as \u00e1reas afetadas ser\u00e3o: leste rondoniense, sul de Roraima e Vale do Acre.<\/p>\n<p>Amap\u00e1 deve ter c\u00e9u com muitas nuvens pela manh\u00e3 e possibilidade de chuva isolada pela tarde.\u00a0<\/p>\n<p>Entre as capitais, a temperatura m\u00ednima prevista \u00e9 de 22\u00b0C, em Rio Branco. J\u00e1 a m\u00e1xima pode chegar a 37\u00b0C, em Boa Vista e Manaus. A umidade relativa do ar varia entre 50% e 100%.<\/p>\n<p>As informa\u00e7\u00f5es s\u00e3o do Instituto Nacional de Meteorologia. \u00a0<\/p>\n<p>\u00a0<\/p>\n<p>\t\t\t\t\t\t\t\t\t<img loading=\"lazy\" decoding=\"async\" src=\"https:\/\/brasil61.com\/api\/v1\/serve_pixel\/17677\/79256\" alt=\"Pixel Brasil 61\" class=\"b61_pixel\" width=\"0\" height=\"0\"><\/p>\n<input type=\"hidden\" id=\"baseurl\" value=\"https:\/\/noticiasdestaque.com.br\"><input type=\"hidden\" id=\"audio_nonce\" value=\"6f73a554f1\">","protected":false},"excerpt":{"rendered":"<p> H\u00e1 aviso de chuvas intensas na regi\u00e3o, exceto para AP<\/p>\n","protected":false},"author":1,"featured_media":40748,"comment_status":"open","ping_status":"open","sticky":false,"template":"","format":"standard","meta":{"fifu_image_url":"","fifu_image_alt":"","footnotes":""},"categories":[58],"tags":[],"class_list":["post-40747","post","type-post","status-publish","format-standard","has-post-thumbnail","hentry","category-cotidiano"],"distributor_meta":false,"distributor_terms":false,"distributor_media":false,"distributor_original_site_name":"Noticias em Destaque","distributor_original_site_url":"https:\/\/noticiasdestaque.com.br","push-errors":false,"_links":{"self":[{"href":"https:\/\/noticiasdestaque.com.br\/index.php\/wp-json\/wp\/v2\/posts\/40747","targetHints":{"allow":["GET"]}}],"collection":[{"href":"https:\/\/noticiasdestaque.com.br\/index.php\/wp-json\/wp\/v2\/posts"}],"about":[{"href":"https:\/\/noticiasdestaque.com.br\/index.php\/wp-json\/wp\/v2\/types\/post"}],"author":[{"embeddable":true,"href":"https:\/\/noticiasdestaque.com.br\/index.php\/wp-json\/wp\/v2\/users\/1"}],"replies":[{"embeddable":true,"href":"https:\/\/noticiasdestaque.com.br\/index.php\/wp-json\/wp\/v2\/comments?post=40747"}],"version-history":[{"count":0,"href":"https:\/\/noticiasdestaque.com.br\/index.php\/wp-json\/wp\/v2\/posts\/40747\/revisions"}],"wp:featuredmedia":[{"embeddable":true,"href":"https:\/\/noticiasdestaque.com.br\/index.php\/wp-json\/wp\/v2\/media\/40748"}],"wp:attachment":[{"href":"https:\/\/noticiasdestaque.com.br\/index.php\/wp-json\/wp\/v2\/media?parent=40747"}],"wp:term":[{"taxonomy":"category","embeddable":true,"href":"https:\/\/noticiasdestaque.com.br\/index.php\/wp-json\/wp\/v2\/categories?post=40747"},{"taxonomy":"post_tag","embeddable":true,"href":"https:\/\/noticiasdestaque.com.br\/index.php\/wp-json\/wp\/v2\/tags?post=40747"}],"curies":[{"name":"wp","href":"https:\/\/api.w.org\/{rel}","templated":true}]}}