{"id":40739,"date":"2024-12-23T02:24:00","date_gmt":"2024-12-23T05:24:00","guid":{"rendered":"https:\/\/noticiasdestaque.com.br\/index.php\/2024\/12\/23\/sergipe-tem-inscricoes-abertas-para-interessados-em-lancar-radios-comunitarias\/"},"modified":"2024-12-23T02:24:00","modified_gmt":"2024-12-23T05:24:00","slug":"sergipe-tem-inscricoes-abertas-para-interessados-em-lancar-radios-comunitarias","status":"publish","type":"post","link":"https:\/\/noticiasdestaque.com.br\/index.php\/2024\/12\/23\/sergipe-tem-inscricoes-abertas-para-interessados-em-lancar-radios-comunitarias\/","title":{"rendered":"Sergipe tem inscri\u00e7\u00f5es abertas para interessados em lan\u00e7ar r\u00e1dios comunit\u00e1rias"},"content":{"rendered":"<p>\t\t\t\t\t\t\t\t\t\t<audio controls class=\"b61_audio_player\" data-noticia=\"79185\" src=\"https:\/\/brasil61.com\/rails\/active_storage\/blobs\/eyJfcmFpbHMiOnsibWVzc2FnZSI6IkJBaHBBK3NjQXc9PSIsImV4cCI6bnVsbCwicHVyIjoiYmxvYl9pZCJ9fQ==--17aea1b5029e89a41ab56c11176c02590f4c9703\/MCOM240025A\"><\/audio><\/p>\n<p>O Minist\u00e9rio das Comunica\u00e7\u00f5es prorrogou at\u00e9 o dia 14 de mar\u00e7o de 2025 o prazo para que funda\u00e7\u00f5es e associa\u00e7\u00f5es interessadas em operar r\u00e1dios comunit\u00e1rias em 18\u00a0\u00a0 \u00a0munic\u00edpios de Sergipe enviem as propostas. No total, est\u00e3o abertas inscri\u00e7\u00f5es em 795 munic\u00edpios de 21 estados. Com as novas r\u00e1dios, a popula\u00e7\u00e3o local ser\u00e1 beneficiada com mais acesso \u00e0 informa\u00e7\u00e3o e entretenimento.\u00a0<\/p>\n<p>A diretora de Radiodifus\u00e3o P\u00fablica, Comunit\u00e1ria e Estatal do Minist\u00e9rio das Comunica\u00e7\u00f5es, Daniela Schettino, explica a import\u00e2ncia das r\u00e1dios comunit\u00e1rias para a democratiza\u00e7\u00e3o do acesso \u00e0 informa\u00e7\u00e3o.\u00a0<\/p>\n<p>&#8220;As r\u00e1dios comunit\u00e1rias t\u00eam um papel muito bacana, porque n\u00e3o s\u00f3 d\u00e3o uma not\u00edcia do Brasil inteiro, [divulgam] muitas quest\u00f5es do governo federal, a\u00e7\u00f5es importantes de cidadania, de conte\u00fado de utilidade p\u00fablica. As r\u00e1dios tamb\u00e9m trazem aquela informa\u00e7\u00e3o daquela comunidade local, daquela cultura local, um artista local. A gente sabe que em algumas \u00e1reas mais afastadas n\u00e3o t\u00eam r\u00e1dio, n\u00e3o t\u00eam nenhum meio de comunica\u00e7\u00e3o e, \u00e0s vezes, \u00e9 muito mais f\u00e1cil chegar [\u00e0 popula\u00e7\u00e3o] com uma r\u00e1dio comunit\u00e1ria.&#8221;<\/p>\n<p>O edital n\u00ba 186\/2024, publicado na edi\u00e7\u00e3o de 14 de outubro no Di\u00e1rio Oficial da Uni\u00e3o, faz parte do Plano Nacional de Outorgas, lan\u00e7ado em 2023, e apresenta o cronograma e as localidades que ser\u00e3o contempladas com a oportunidade de novas outorgas do servi\u00e7o de Radiodifus\u00e3o Comunit\u00e1ria.<\/p>\n<p>A expectativa \u00e9 que 100% dos munic\u00edpios do pa\u00eds tenham pelo menos uma emissora de radiodifus\u00e3o comunit\u00e1ria<br \/>\n\u00a0<\/p>\n<p>\t\t\t\t\t\t\t\t\t<img loading=\"lazy\" decoding=\"async\" src=\"https:\/\/brasil61.com\/api\/v1\/serve_pixel\/17677\/79185\" alt=\"Pixel Brasil 61\" class=\"b61_pixel\" width=\"0\" height=\"0\"><\/p>\n<input type=\"hidden\" id=\"baseurl\" value=\"https:\/\/noticiasdestaque.com.br\"><input type=\"hidden\" id=\"audio_nonce\" value=\"c9f06e19e6\">","protected":false},"excerpt":{"rendered":"<p>. Com as novas r\u00e1dios, a popula\u00e7\u00e3o local ser\u00e1 beneficiada com mais acesso \u00e0 informa\u00e7\u00e3o e entretenimento<\/p>\n","protected":false},"author":1,"featured_media":40740,"comment_status":"open","ping_status":"open","sticky":false,"template":"","format":"standard","meta":{"fifu_image_url":"","fifu_image_alt":"","footnotes":""},"categories":[48],"tags":[],"class_list":["post-40739","post","type-post","status-publish","format-standard","has-post-thumbnail","hentry","category-mundo"],"distributor_meta":false,"distributor_terms":false,"distributor_media":false,"distributor_original_site_name":"Noticias em Destaque","distributor_original_site_url":"https:\/\/noticiasdestaque.com.br","push-errors":false,"_links":{"self":[{"href":"https:\/\/noticiasdestaque.com.br\/index.php\/wp-json\/wp\/v2\/posts\/40739","targetHints":{"allow":["GET"]}}],"collection":[{"href":"https:\/\/noticiasdestaque.com.br\/index.php\/wp-json\/wp\/v2\/posts"}],"about":[{"href":"https:\/\/noticiasdestaque.com.br\/index.php\/wp-json\/wp\/v2\/types\/post"}],"author":[{"embeddable":true,"href":"https:\/\/noticiasdestaque.com.br\/index.php\/wp-json\/wp\/v2\/users\/1"}],"replies":[{"embeddable":true,"href":"https:\/\/noticiasdestaque.com.br\/index.php\/wp-json\/wp\/v2\/comments?post=40739"}],"version-history":[{"count":0,"href":"https:\/\/noticiasdestaque.com.br\/index.php\/wp-json\/wp\/v2\/posts\/40739\/revisions"}],"wp:featuredmedia":[{"embeddable":true,"href":"https:\/\/noticiasdestaque.com.br\/index.php\/wp-json\/wp\/v2\/media\/40740"}],"wp:attachment":[{"href":"https:\/\/noticiasdestaque.com.br\/index.php\/wp-json\/wp\/v2\/media?parent=40739"}],"wp:term":[{"taxonomy":"category","embeddable":true,"href":"https:\/\/noticiasdestaque.com.br\/index.php\/wp-json\/wp\/v2\/categories?post=40739"},{"taxonomy":"post_tag","embeddable":true,"href":"https:\/\/noticiasdestaque.com.br\/index.php\/wp-json\/wp\/v2\/tags?post=40739"}],"curies":[{"name":"wp","href":"https:\/\/api.w.org\/{rel}","templated":true}]}}