{"id":40715,"date":"2024-12-24T13:00:00","date_gmt":"2024-12-24T16:00:00","guid":{"rendered":"https:\/\/noticiasdestaque.com.br\/index.php\/2024\/12\/24\/covid-19-acumulado-de-vitimas-fatais-em-decorrencia-da-doenca-chega-a-714-mil\/"},"modified":"2024-12-24T13:00:00","modified_gmt":"2024-12-24T16:00:00","slug":"covid-19-acumulado-de-vitimas-fatais-em-decorrencia-da-doenca-chega-a-714-mil","status":"publish","type":"post","link":"https:\/\/noticiasdestaque.com.br\/index.php\/2024\/12\/24\/covid-19-acumulado-de-vitimas-fatais-em-decorrencia-da-doenca-chega-a-714-mil\/","title":{"rendered":"COVID-19: acumulado de v\u00edtimas fatais em decorr\u00eancia da doen\u00e7a chega a 714 mil"},"content":{"rendered":"<p>\t\t\t\t\t\t\t\t\t\t<audio controls class=\"b61_audio_player\" data-noticia=\"79208\" src=\"https:\/\/brasil61.com\/rails\/active_storage\/blobs\/eyJfcmFpbHMiOnsibWVzc2FnZSI6IkJBaHBBLzBkQXc9PSIsImV4cCI6bnVsbCwicHVyIjoiYmxvYl9pZCJ9fQ==--2c6d40d271bd7277ede36a8c66453f3231553e50\/BRAS2413209A\"><\/audio><\/p>\n<p>No Brasil, o n\u00famero acumulado de v\u00edtimas fatais em decorr\u00eancia da Covid-19 chegou a 714.471 no in\u00edcio desta semana, com uma taxa de letalidade de 1,8%. Entre os casos acumulados da doen\u00e7a, a quantidade ultrapassou 39 milh\u00f5es. A cidade do Rio de Janeiro, por exemplo, registra 1.426.672 casos acumulados, com uma taxa de incid\u00eancia de 732,11 casos a cada 100 mil habitantes.<\/p>\n<p>A cidade de S\u00e3o Paulo tamb\u00e9m se destaca, com 1.208.221 casos acumulados. No entanto, a taxa de incid\u00eancia \u00e9 de 87,94 a cada 100 mil habitantes. J\u00e1 em Bras\u00edlia, s\u00e3o 956.346 casos acumulados e uma incid\u00eancia de 965,95 casos a cada 100 mil habitantes.<\/p>\n<p><a href=\"https:\/\/brasil61.com\/n\/taxa-de-hospitalizacao-por-covid-19-teve-maior-proporcao-no-nordeste-bras2413193\" target=\"_blank\">Taxa de hospitaliza\u00e7\u00e3o por Covid-19 teve maior propor\u00e7\u00e3o no Nordeste<\/a><\/p>\n<p>De acordo com o Minist\u00e9rio da Sa\u00fade, em compara\u00e7\u00e3o com os dados hist\u00f3ricos, os n\u00fameros atuais s\u00e3o relativamente baixos. No entanto, como nos anos anteriores foi notada uma eleva\u00e7\u00e3o de casos nos \u00faltimos dias de dezembro, a Pasta considera importante manter a vacina\u00e7\u00e3o em dia.<\/p>\n<p>No Nordeste do pa\u00eds, o destaque vai para a capital do Cear\u00e1, Fortaleza, que conta, at\u00e9 o fechamento desta reportagem, com 423.488 casos acumulados e uma incid\u00eancia de 277,78 a cada 100 mil habitantes. Na regi\u00e3o Norte, Manaus (AM) acumula 322.234 casos e apresenta uma incid\u00eancia de 140,88 a cada 100 mil habitantes. J\u00e1 no Sul, Curitiba (PR) registra 327.626 casos e uma incid\u00eancia de 790,80 a cada 100 mil habitantes.<\/p>\n<p>Al\u00e9m disso, um estudo divulgado recentemente pelo Minist\u00e9rio da Sa\u00fade mostra que mais de 28% dos brasileiros \u2013 o equivalente a 60 milh\u00f5es de pessoas \u2013 afirmaram ter sido infectados pela Covid-19.<\/p>\n<h2>Vacina\u00e7\u00e3o<\/h2>\n<p>De acordo com o levantamento, a vacina\u00e7\u00e3o contra a doen\u00e7a teve ades\u00e3o de 90,2% da popula\u00e7\u00e3o do pa\u00eds, que recebeu pelo menos uma dose. J\u00e1 84,6% completaram o esquema vacinal com duas doses. O epidemiologista Pedro Hallal, um dos respons\u00e1veis pela pesquisa, destacou quais grupos mais se sobressa\u00edram em rela\u00e7\u00e3o \u00e0 vacina\u00e7\u00e3o.<\/p>\n<p>\u201cA vacina\u00e7\u00e3o contra Covid-19 foi mais comum na regi\u00e3o Sudeste, nos idosos \u2013 o que reflete a pr\u00f3pria ordem da campanha de vacina\u00e7\u00e3o \u2013, nas mulheres, nas pessoas com maior escolaridade e nas fam\u00edlias com maior renda\u201d, afirma.<\/p>\n<p>Entre os que n\u00e3o tomaram o imunizante, 32,4% afirmaram n\u00e3o acreditar na vacina e 0,5% disseram n\u00e3o acreditar na exist\u00eancia do v\u00edrus. Outros 31% relataram que a vacina poderia fazer mal \u00e0 sa\u00fade, e 2,5% informaram j\u00e1 ter contra\u00eddo Covid-19.<\/p>\n<p>\t\t\t\t\t\t\t\t\t<img loading=\"lazy\" decoding=\"async\" src=\"https:\/\/brasil61.com\/api\/v1\/serve_pixel\/17677\/79208\" alt=\"Pixel Brasil 61\" class=\"b61_pixel\" width=\"0\" height=\"0\"><\/p>\n<input type=\"hidden\" id=\"baseurl\" value=\"https:\/\/noticiasdestaque.com.br\"><input type=\"hidden\" id=\"audio_nonce\" value=\"6f73a554f1\">","protected":false},"excerpt":{"rendered":"<p>A cidade do Rio de Janeiro, por exemplo, conta com 1.426.672 casos acumulados, com uma taxa de incid\u00eancia de 732,11 casos a cada 100 mil habitantes<\/p>\n","protected":false},"author":1,"featured_media":40716,"comment_status":"open","ping_status":"open","sticky":false,"template":"","format":"standard","meta":{"fifu_image_url":"","fifu_image_alt":"","footnotes":""},"categories":[51],"tags":[],"class_list":["post-40715","post","type-post","status-publish","format-standard","has-post-thumbnail","hentry","category-saude"],"distributor_meta":false,"distributor_terms":false,"distributor_media":false,"distributor_original_site_name":"Noticias em Destaque","distributor_original_site_url":"https:\/\/noticiasdestaque.com.br","push-errors":false,"_links":{"self":[{"href":"https:\/\/noticiasdestaque.com.br\/index.php\/wp-json\/wp\/v2\/posts\/40715","targetHints":{"allow":["GET"]}}],"collection":[{"href":"https:\/\/noticiasdestaque.com.br\/index.php\/wp-json\/wp\/v2\/posts"}],"about":[{"href":"https:\/\/noticiasdestaque.com.br\/index.php\/wp-json\/wp\/v2\/types\/post"}],"author":[{"embeddable":true,"href":"https:\/\/noticiasdestaque.com.br\/index.php\/wp-json\/wp\/v2\/users\/1"}],"replies":[{"embeddable":true,"href":"https:\/\/noticiasdestaque.com.br\/index.php\/wp-json\/wp\/v2\/comments?post=40715"}],"version-history":[{"count":0,"href":"https:\/\/noticiasdestaque.com.br\/index.php\/wp-json\/wp\/v2\/posts\/40715\/revisions"}],"wp:featuredmedia":[{"embeddable":true,"href":"https:\/\/noticiasdestaque.com.br\/index.php\/wp-json\/wp\/v2\/media\/40716"}],"wp:attachment":[{"href":"https:\/\/noticiasdestaque.com.br\/index.php\/wp-json\/wp\/v2\/media?parent=40715"}],"wp:term":[{"taxonomy":"category","embeddable":true,"href":"https:\/\/noticiasdestaque.com.br\/index.php\/wp-json\/wp\/v2\/categories?post=40715"},{"taxonomy":"post_tag","embeddable":true,"href":"https:\/\/noticiasdestaque.com.br\/index.php\/wp-json\/wp\/v2\/tags?post=40715"}],"curies":[{"name":"wp","href":"https:\/\/api.w.org\/{rel}","templated":true}]}}