{"id":40707,"date":"2024-12-14T04:04:00","date_gmt":"2024-12-14T07:04:00","guid":{"rendered":"https:\/\/noticiasdestaque.com.br\/index.php\/2024\/12\/14\/dengue-dia-d-de-mobilizacao-neste-sabado-14\/"},"modified":"2024-12-14T04:04:00","modified_gmt":"2024-12-14T07:04:00","slug":"dengue-dia-d-de-mobilizacao-neste-sabado-14","status":"publish","type":"post","link":"https:\/\/noticiasdestaque.com.br\/index.php\/2024\/12\/14\/dengue-dia-d-de-mobilizacao-neste-sabado-14\/","title":{"rendered":"Dengue: Dia D de mobiliza\u00e7\u00e3o neste s\u00e1bado (14)"},"content":{"rendered":"<p>\t\t\t\t\t\t\t\t\t\t<audio controls class=\"b61_audio_player\" data-noticia=\"79018\" src=\"https:\/\/brasil61.com\/rails\/active_storage\/blobs\/eyJfcmFpbHMiOnsibWVzc2FnZSI6IkJBaHBBMUFhQXc9PSIsImV4cCI6bnVsbCwicHVyIjoiYmxvYl9pZCJ9fQ==--50461f67d4c20310524c29e629de2192e96689e5\/BRAS2413167A\"><\/audio><\/p>\n<p>Neste s\u00e1bado (14), o Minist\u00e9rio da Sa\u00fade realiza o Dia D de Mobiliza\u00e7\u00e3o contra a Dengue. A iniciativa \u00e9 nacional e une governo federal, estados, munic\u00edpios e a popula\u00e7\u00e3o com\u00a0vistas ao controle da doen\u00e7a. O objetivo \u00e9 conscientizar a sociedade sobre a import\u00e2ncia de medidas b\u00e1sicas para conter a prolifera\u00e7\u00e3o do mosquito <em>Aedes aegypti<\/em> \u2013 principal transmissor da doen\u00e7a.\u00a0<\/p>\n<p>Ao longo do dia, agentes comunit\u00e1rios de sa\u00fade e de combate \u00e0s endemias visitar\u00e3o resid\u00eancias em todo o pa\u00eds. Eles estar\u00e3o uniformizados e devidamente identificados.<\/p>\n<h2>Cen\u00e1rio epidemiol\u00f3gico\u00a0<\/h2>\n<p>Segundo dados do Boletim InfoDengue, at\u00e9 a Semana Epidemiol\u00f3gica 49 (de 1 a 7\/12\/2024), houve aumento cont\u00ednuo nos casos prov\u00e1veis de dengue e chikungunya, principalmente nas regi\u00f5es Sul e Sudeste, com registros em menor escala na regi\u00e3o Centro-Oeste. O Distrito Federal, Minas Gerais e Paran\u00e1 foram os estados com maiores incid\u00eancias de dengue.<\/p>\n<h2>Preven\u00e7\u00e3o\u00a0<\/h2>\n<p>A preven\u00e7\u00e3o da doen\u00e7a visa a elimina\u00e7\u00e3o dos criadouros do mosquito e a prote\u00e7\u00e3o contra picadas. Entre as medidas eficazes est\u00e3o:<\/p>\n<ul>\n<li>Eliminar recipientes que acumulam \u00e1gua, como pneus, garrafas e vasos de plantas;<\/li>\n<li>Manter caixas d\u2019\u00e1gua e reservat\u00f3rios devidamente tampados;<\/li>\n<li>Limpar calhas para evitar ac\u00famulo de \u00e1gua;<\/li>\n<li>Utilizar repelentes e roupas de mangas compridas, em especial, durante o dia;<\/li>\n<li>Instalar telas em janelas e portas.<\/li>\n<\/ul>\n<h2>Investimento<\/h2>\n<p>Segundo a pasta da Sa\u00fade, o MS destinou R$ 1,5 bilh\u00e3o para o controle da dengue no ciclo 2024\/2025, o que representa um aumento de 50% em rela\u00e7\u00e3o ao per\u00edodo anterior.<br \/>\n\u00a0<\/p>\n<p>\t\t\t\t\t\t\t\t\t<img loading=\"lazy\" decoding=\"async\" src=\"https:\/\/brasil61.com\/api\/v1\/serve_pixel\/17677\/79018\" alt=\"Pixel Brasil 61\" class=\"b61_pixel\" width=\"0\" height=\"0\"><\/p>\n<input type=\"hidden\" id=\"baseurl\" value=\"https:\/\/noticiasdestaque.com.br\"><input type=\"hidden\" id=\"audio_nonce\" value=\"6f73a554f1\">","protected":false},"excerpt":{"rendered":"<p>Realizada pelo Minist\u00e9rio da Sa\u00fade, iniciativa nacional une governo federal, estados, munic\u00edpios e a popula\u00e7\u00e3o<\/p>\n","protected":false},"author":1,"featured_media":40708,"comment_status":"open","ping_status":"open","sticky":false,"template":"","format":"standard","meta":{"fifu_image_url":"","fifu_image_alt":"","footnotes":""},"categories":[51],"tags":[],"class_list":["post-40707","post","type-post","status-publish","format-standard","has-post-thumbnail","hentry","category-saude"],"distributor_meta":false,"distributor_terms":false,"distributor_media":false,"distributor_original_site_name":"Noticias em Destaque","distributor_original_site_url":"https:\/\/noticiasdestaque.com.br","push-errors":false,"_links":{"self":[{"href":"https:\/\/noticiasdestaque.com.br\/index.php\/wp-json\/wp\/v2\/posts\/40707","targetHints":{"allow":["GET"]}}],"collection":[{"href":"https:\/\/noticiasdestaque.com.br\/index.php\/wp-json\/wp\/v2\/posts"}],"about":[{"href":"https:\/\/noticiasdestaque.com.br\/index.php\/wp-json\/wp\/v2\/types\/post"}],"author":[{"embeddable":true,"href":"https:\/\/noticiasdestaque.com.br\/index.php\/wp-json\/wp\/v2\/users\/1"}],"replies":[{"embeddable":true,"href":"https:\/\/noticiasdestaque.com.br\/index.php\/wp-json\/wp\/v2\/comments?post=40707"}],"version-history":[{"count":0,"href":"https:\/\/noticiasdestaque.com.br\/index.php\/wp-json\/wp\/v2\/posts\/40707\/revisions"}],"wp:featuredmedia":[{"embeddable":true,"href":"https:\/\/noticiasdestaque.com.br\/index.php\/wp-json\/wp\/v2\/media\/40708"}],"wp:attachment":[{"href":"https:\/\/noticiasdestaque.com.br\/index.php\/wp-json\/wp\/v2\/media?parent=40707"}],"wp:term":[{"taxonomy":"category","embeddable":true,"href":"https:\/\/noticiasdestaque.com.br\/index.php\/wp-json\/wp\/v2\/categories?post=40707"},{"taxonomy":"post_tag","embeddable":true,"href":"https:\/\/noticiasdestaque.com.br\/index.php\/wp-json\/wp\/v2\/tags?post=40707"}],"curies":[{"name":"wp","href":"https:\/\/api.w.org\/{rel}","templated":true}]}}