{"id":40701,"date":"2024-12-09T00:07:00","date_gmt":"2024-12-09T03:07:00","guid":{"rendered":"https:\/\/noticiasdestaque.com.br\/index.php\/2024\/12\/09\/tontura-e-vertigem-diferencas-causas-e-tratamento-2\/"},"modified":"2024-12-09T00:07:00","modified_gmt":"2024-12-09T03:07:00","slug":"tontura-e-vertigem-diferencas-causas-e-tratamento-2","status":"publish","type":"post","link":"https:\/\/noticiasdestaque.com.br\/index.php\/2024\/12\/09\/tontura-e-vertigem-diferencas-causas-e-tratamento-2\/","title":{"rendered":"Tontura e vertigem: diferen\u00e7as, causas e tratamento"},"content":{"rendered":"<p>\t\t\t\t\t\t\t\t\t\t<audio controls class=\"b61_audio_player\" data-noticia=\"78939\" src=\"https:\/\/brasil61.com\/rails\/active_storage\/blobs\/eyJfcmFpbHMiOnsibWVzc2FnZSI6IkJBaHBBNDhZQXc9PSIsImV4cCI6bnVsbCwicHVyIjoiYmxvYl9pZCJ9fQ==--64f174c5e18eaed3a662369a72790b5afd9db435\/BLOG240639A\"><\/audio><\/p>\n<p>\t\t\t\t\t\t\t\t\t\t<audio controls class=\"b61_audio_player\" data-noticia=\"78939\" src=\"https:\/\/brasil61.com\/rails\/active_storage\/blobs\/eyJfcmFpbHMiOnsibWVzc2FnZSI6IkJBaHBBNUFZQXc9PSIsImV4cCI6bnVsbCwicHVyIjoiYmxvYl9pZCJ9fQ==--b8a30293d959950d51a108caf01d7286ad2e2a5f\/BLOG240639B\"><\/audio><\/p>\n<p>Tontura \u00e9 uma perda de equil\u00edbrio e vertigem \u00e9 a sensa\u00e7\u00e3o de que tudo est\u00e1 girando. Ela pode causar n\u00e1useas, v\u00f4mitos e suor frio, sendo ligada a problemas no equil\u00edbrio: vis\u00e3o, tato ou labirinto.<\/p>\n<p>Entre as causas est\u00e3o labirintite e enxaqueca vestibular. Durante uma crise, fixe os olhos em um ponto para aliviar os sintomas<\/p>\n<p>Busque atendimento imediato se houver dor de cabe\u00e7a intensa, n\u00e1useas persistentes, perda grave de equil\u00edbrio, vis\u00e3o dupla, desmaios ou dificuldade motora. Para diagn\u00f3stico e tratamento, consulte um otoneurologista, especialista em vertigem.<\/p>\n<p>Veja ao v\u00eddeo com a explica\u00e7\u00e3o do especialista:<\/p>\n<p>\u00a0<\/p>\n<p>Tenha acesso aos conte\u00fados do Doutor Ajuda. Acesse: www.portaldoutorajuda.com.br.<\/p>\n<p>\t\t\t\t\t\t\t\t\t<img loading=\"lazy\" decoding=\"async\" src=\"https:\/\/brasil61.com\/api\/v1\/serve_pixel\/17677\/78939\" alt=\"Pixel Brasil 61\" class=\"b61_pixel\" width=\"0\" height=\"0\"><\/p>\n<input type=\"hidden\" id=\"baseurl\" value=\"https:\/\/noticiasdestaque.com.br\"><input type=\"hidden\" id=\"audio_nonce\" value=\"6f73a554f1\">","protected":false},"excerpt":{"rendered":"<p>Neste v\u00eddeo, o Otorrinolaringologista Dr. Danilo Real (CRM: 150.640\/ SP) fala sobre vertigem.<\/p>\n","protected":false},"author":1,"featured_media":40702,"comment_status":"open","ping_status":"open","sticky":false,"template":"","format":"standard","meta":{"fifu_image_url":"","fifu_image_alt":"","footnotes":""},"categories":[51],"tags":[],"class_list":["post-40701","post","type-post","status-publish","format-standard","has-post-thumbnail","hentry","category-saude"],"distributor_meta":false,"distributor_terms":false,"distributor_media":false,"distributor_original_site_name":"Noticias em Destaque","distributor_original_site_url":"https:\/\/noticiasdestaque.com.br","push-errors":false,"_links":{"self":[{"href":"https:\/\/noticiasdestaque.com.br\/index.php\/wp-json\/wp\/v2\/posts\/40701","targetHints":{"allow":["GET"]}}],"collection":[{"href":"https:\/\/noticiasdestaque.com.br\/index.php\/wp-json\/wp\/v2\/posts"}],"about":[{"href":"https:\/\/noticiasdestaque.com.br\/index.php\/wp-json\/wp\/v2\/types\/post"}],"author":[{"embeddable":true,"href":"https:\/\/noticiasdestaque.com.br\/index.php\/wp-json\/wp\/v2\/users\/1"}],"replies":[{"embeddable":true,"href":"https:\/\/noticiasdestaque.com.br\/index.php\/wp-json\/wp\/v2\/comments?post=40701"}],"version-history":[{"count":0,"href":"https:\/\/noticiasdestaque.com.br\/index.php\/wp-json\/wp\/v2\/posts\/40701\/revisions"}],"wp:featuredmedia":[{"embeddable":true,"href":"https:\/\/noticiasdestaque.com.br\/index.php\/wp-json\/wp\/v2\/media\/40702"}],"wp:attachment":[{"href":"https:\/\/noticiasdestaque.com.br\/index.php\/wp-json\/wp\/v2\/media?parent=40701"}],"wp:term":[{"taxonomy":"category","embeddable":true,"href":"https:\/\/noticiasdestaque.com.br\/index.php\/wp-json\/wp\/v2\/categories?post=40701"},{"taxonomy":"post_tag","embeddable":true,"href":"https:\/\/noticiasdestaque.com.br\/index.php\/wp-json\/wp\/v2\/tags?post=40701"}],"curies":[{"name":"wp","href":"https:\/\/api.w.org\/{rel}","templated":true}]}}