{"id":40618,"date":"2024-12-23T00:01:00","date_gmt":"2024-12-23T03:01:00","guid":{"rendered":"https:\/\/noticiasdestaque.com.br\/index.php\/2024\/12\/23\/radios-comunitarias-prorrogado-prazo-para-envio-de-propostas-para-operacao-em-795-municipios\/"},"modified":"2024-12-23T00:01:00","modified_gmt":"2024-12-23T03:01:00","slug":"radios-comunitarias-prorrogado-prazo-para-envio-de-propostas-para-operacao-em-795-municipios","status":"publish","type":"post","link":"https:\/\/noticiasdestaque.com.br\/index.php\/2024\/12\/23\/radios-comunitarias-prorrogado-prazo-para-envio-de-propostas-para-operacao-em-795-municipios\/","title":{"rendered":"R\u00e1dios comunit\u00e1rias: prorrogado prazo para envio de propostas para opera\u00e7\u00e3o em 795 munic\u00edpios"},"content":{"rendered":"<p>\t\t\t\t\t\t\t\t\t\t<audio controls class=\"b61_audio_player\" data-noticia=\"79164\" src=\"https:\/\/brasil61.com\/rails\/active_storage\/blobs\/eyJfcmFpbHMiOnsibWVzc2FnZSI6IkJBaHBBOEFjQXc9PSIsImV4cCI6bnVsbCwicHVyIjoiYmxvYl9pZCJ9fQ==--016a241c3955ccad88d7b306b73dfb3227626059\/MCOM240005A\"><\/audio><\/p>\n<p>O Minist\u00e9rio das Comunica\u00e7\u00f5es prorrogou at\u00e9 o dia 14 de mar\u00e7o de 2025 o prazo para que funda\u00e7\u00f5es e associa\u00e7\u00f5es interessadas em operar r\u00e1dios comunit\u00e1rias em 795 munic\u00edpios de 21 estados brasileiros enviem as propostas. O an\u00fancio foi publicado na edi\u00e7\u00e3o da \u00faltima sexta-feira (13) do Di\u00e1rio Oficial da Uni\u00e3o (DOU).\u00a0<\/p>\n<p>A sele\u00e7\u00e3o p\u00fablica de interessados na opera\u00e7\u00e3o disponibiliza a possibilidade de transmiss\u00e3o nos estados do Acre, Alagoas, Amazonas, Amap\u00e1, Bahia, Cear\u00e1, Esp\u00edrito Santo, Goi\u00e1s, Maranh\u00e3o, Minas Gerais, Mato Grosso do Sul, Mato Grosso, Par\u00e1, Para\u00edba, Pernambuco, Piau\u00ed, Rio Grande do Norte, Rond\u00f4nia, Roraima, Sergipe e Tocantins.<\/p>\n<p>Confira lista de mun\u00edcipios <a href=\"https:\/\/in.gov.br\/en\/web\/dou\/-\/edital-n-186\/2024-589981290\">aqui<\/a>.<\/p>\n<p>A diretora de Radiodifus\u00e3o P\u00fablica, Comunit\u00e1ria e Estatal do Minist\u00e9rio das Comunica\u00e7\u00f5es, Daniela Schettino, explica a import\u00e2ncia das r\u00e1dios comunit\u00e1rias para a democratiza\u00e7\u00e3o do acesso \u00e0 informa\u00e7\u00e3o. &#8220;As r\u00e1dios comunit\u00e1rias elas t\u00eam um papel muito bacana porque ela n\u00e3o s\u00f3 d\u00e1 uma not\u00edcia do Brasil inteiro, muitas quest\u00f5es do governo federal, a\u00e7\u00f5es importantes de cidadania, de conte\u00fado de utilidade p\u00fablica, mas elas tamb\u00e9m traz aquela informa\u00e7\u00e3o daquela comunidade local, daquela cultura local, um artista local. A gente sabe que em algumas \u00e1reas mais afastadas n\u00e3o tem nenhuma r\u00e1dio, n\u00e3o tem nenhum meio de comunica\u00e7\u00e3o e \u00e0s vezes \u00e9 muito mais f\u00e1cil chegar com uma r\u00e1dio comunit\u00e1ria.&#8221;<\/p>\n<p>O edital n\u00ba 186\/2024, publicado na edi\u00e7\u00e3o de 14 de outubro no Di\u00e1rio Oficial da Uni\u00e3o, faz parte do Plano Nacional de Outorgas, lan\u00e7ado em 2023, e apresenta o cronograma e as localidades que ser\u00e3o contempladas com a oportunidade de novas outorgas do servi\u00e7o de Radiodifus\u00e3o Comunit\u00e1ria.<\/p>\n<p>A expectativa \u00e9 que 100% dos munic\u00edpios do pa\u00eds tenham pelo menos uma emissora de\u00a0<br \/>\nradiodifus\u00e3o comunit\u00e1ria.\u00a0<br \/>\n\u00a0<\/p>\n<p>\t\t\t\t\t\t\t\t\t<img loading=\"lazy\" decoding=\"async\" src=\"https:\/\/brasil61.com\/api\/v1\/serve_pixel\/17677\/79164\" alt=\"Pixel Brasil 61\" class=\"b61_pixel\" width=\"0\" height=\"0\"><\/p>\n<input type=\"hidden\" id=\"baseurl\" value=\"https:\/\/noticiasdestaque.com.br\"><input type=\"hidden\" id=\"audio_nonce\" value=\"6f73a554f1\">","protected":false},"excerpt":{"rendered":"<p>O Minist\u00e9rio das Comunica\u00e7\u00f5es prorrogou at\u00e9 o dia 14 de mar\u00e7o de 2025 o prazo para que funda\u00e7\u00f5es e associa\u00e7\u00f5es interessadas em operar r\u00e1dios comunit\u00e1rias enviem as propostas<\/p>\n","protected":false},"author":1,"featured_media":40619,"comment_status":"open","ping_status":"open","sticky":false,"template":"","format":"standard","meta":{"fifu_image_url":"","fifu_image_alt":"","footnotes":""},"categories":[48],"tags":[],"class_list":["post-40618","post","type-post","status-publish","format-standard","has-post-thumbnail","hentry","category-mundo"],"distributor_meta":false,"distributor_terms":false,"distributor_media":false,"distributor_original_site_name":"Noticias em Destaque","distributor_original_site_url":"https:\/\/noticiasdestaque.com.br","push-errors":false,"_links":{"self":[{"href":"https:\/\/noticiasdestaque.com.br\/index.php\/wp-json\/wp\/v2\/posts\/40618","targetHints":{"allow":["GET"]}}],"collection":[{"href":"https:\/\/noticiasdestaque.com.br\/index.php\/wp-json\/wp\/v2\/posts"}],"about":[{"href":"https:\/\/noticiasdestaque.com.br\/index.php\/wp-json\/wp\/v2\/types\/post"}],"author":[{"embeddable":true,"href":"https:\/\/noticiasdestaque.com.br\/index.php\/wp-json\/wp\/v2\/users\/1"}],"replies":[{"embeddable":true,"href":"https:\/\/noticiasdestaque.com.br\/index.php\/wp-json\/wp\/v2\/comments?post=40618"}],"version-history":[{"count":0,"href":"https:\/\/noticiasdestaque.com.br\/index.php\/wp-json\/wp\/v2\/posts\/40618\/revisions"}],"wp:featuredmedia":[{"embeddable":true,"href":"https:\/\/noticiasdestaque.com.br\/index.php\/wp-json\/wp\/v2\/media\/40619"}],"wp:attachment":[{"href":"https:\/\/noticiasdestaque.com.br\/index.php\/wp-json\/wp\/v2\/media?parent=40618"}],"wp:term":[{"taxonomy":"category","embeddable":true,"href":"https:\/\/noticiasdestaque.com.br\/index.php\/wp-json\/wp\/v2\/categories?post=40618"},{"taxonomy":"post_tag","embeddable":true,"href":"https:\/\/noticiasdestaque.com.br\/index.php\/wp-json\/wp\/v2\/tags?post=40618"}],"curies":[{"name":"wp","href":"https:\/\/api.w.org\/{rel}","templated":true}]}}