{"id":40612,"date":"2024-12-20T20:04:00","date_gmt":"2024-12-20T23:04:00","guid":{"rendered":"https:\/\/noticiasdestaque.com.br\/index.php\/2024\/12\/20\/ministerio-das-comunicacoes-preve-licitacoes-para-concessao-de-outorgas-de-radio-e-tv-em-2025\/"},"modified":"2024-12-20T20:04:00","modified_gmt":"2024-12-20T23:04:00","slug":"ministerio-das-comunicacoes-preve-licitacoes-para-concessao-de-outorgas-de-radio-e-tv-em-2025","status":"publish","type":"post","link":"https:\/\/noticiasdestaque.com.br\/index.php\/2024\/12\/20\/ministerio-das-comunicacoes-preve-licitacoes-para-concessao-de-outorgas-de-radio-e-tv-em-2025\/","title":{"rendered":"Minist\u00e9rio das Comunica\u00e7\u00f5es prev\u00ea licita\u00e7\u00f5es para concess\u00e3o de outorgas de r\u00e1dio e TV em 2025"},"content":{"rendered":"<p>\t\t\t\t\t\t\t\t\t\t<audio controls class=\"b61_audio_player\" data-noticia=\"79155\" src=\"https:\/\/brasil61.com\/rails\/active_storage\/blobs\/eyJfcmFpbHMiOnsibWVzc2FnZSI6IkJBaHBBN1FjQXc9PSIsImV4cCI6bnVsbCwicHVyIjoiYmxvYl9pZCJ9fQ==--65774e1e2481091e41783b9bff390e601a8dedca\/MCOM240003A\"><\/audio><\/p>\n<p>Minist\u00e9rio das Comunica\u00e7\u00f5es planeja para o ano que vem lan\u00e7ar licita\u00e7\u00f5es para novas concess\u00f5es de outorgas de r\u00e1dio e TV privadas. Os processos, por\u00e9m, ser\u00e3o encaminhados antes para aprova\u00e7\u00e3o do Tribunal de Contas da Uni\u00e3o (TCU).<\/p>\n<p>\u201cHavia uma demanda e, ao mesmo tempo, a necessidade de ampliar as op\u00e7\u00f5es para a popula\u00e7\u00e3o dos servi\u00e7os de radiodifus\u00e3o. A partir de agora, espero que esses processos tornem-se mais \u00e1geis. Nos pr\u00f3ximos anos, com certeza, vamos aumentar o n\u00famero de outorgas e beneficiar ainda mais brasileiros com mais emissoras de r\u00e1dios e de TV\u201d, afirmou Juscelino Filho.<\/p>\n<p>Est\u00e3o previstas para serem lan\u00e7adas, em 2025, 20 licita\u00e7\u00f5es: dez para r\u00e1dios (FM) e dez para TVs, sendo duas emissoras de r\u00e1dio e duas emissoras de TV para cada regi\u00e3o do Brasil.<\/p>\n<p>Desde o in\u00edcio da atual gest\u00e3o, o Departamento de Radiodifus\u00e3o Privada, vinculado \u00e0 Secretaria de Comunica\u00e7\u00e3o Social Eletr\u00f4nica do Minist\u00e9rio das Comunica\u00e7\u00f5es, tem trabalhado para dar celeridade aos processos, atendendo a uma determina\u00e7\u00e3o direta do ministro das Comunica\u00e7\u00f5es, Juscelino Filho.<\/p>\n<p>As informa\u00e7\u00f5es e os detalhes sobre as novas licita\u00e7\u00f5es foram divulgados nesta quarta-feira (18), durante o evento Radiodifus\u00e3o 360, que reuniu uma s\u00e9rie de an\u00fancios para o setor. A cerim\u00f4nia foi realizada no Minist\u00e9rio das Comunica\u00e7\u00f5es.\u00a0<strong><a data-tippreview-enabled=\"false\" data-tippreview-image=\"\" data-tippreview-title=\"\" href=\"https:\/\/www.flickr.com\/photos\/mincomunicacoes\/sets\/72177720322655371\/\" target=\"_self\" title=\"\">Confira as fotos neste link<\/a><\/strong>.<\/p>\n<p>Por conta da dificuldade de desenvolvimento de uma metodologia eficaz de precifica\u00e7\u00e3o das outorgas, o Minist\u00e9rio n\u00e3o lan\u00e7a novos editais desde 2010. Para resolver essa quest\u00e3o, o minist\u00e9rio firmou uma parceria com a Universidade de Bras\u00edlia (UnB), por meio de um Termo de Execu\u00e7\u00e3o Descentralizada (TED).<\/p>\n<p>Uma equipe da universidade, formada principalmente por economistas, desenvolveu uma metodologia capaz de precificar o valor m\u00ednimo de uma outorga, utilizando par\u00e2metros t\u00e9cnicos e confi\u00e1veis, cujo modelo \u00e9 capaz, com base em informa\u00e7\u00f5es consistentes, de chegar a um verdadeiro custo de um empreendimento de radiodifus\u00e3o.<\/p>\n<p>Fonte: MCOM<\/p>\n<p>\t\t\t\t\t\t\t\t\t<img loading=\"lazy\" decoding=\"async\" src=\"https:\/\/brasil61.com\/api\/v1\/serve_pixel\/17677\/79155\" alt=\"Pixel Brasil 61\" class=\"b61_pixel\" width=\"0\" height=\"0\"><\/p>\n<input type=\"hidden\" id=\"baseurl\" value=\"https:\/\/noticiasdestaque.com.br\"><input type=\"hidden\" id=\"audio_nonce\" value=\"5128c810d9\">","protected":false},"excerpt":{"rendered":"<p>Processos poder\u00e3o contemplar novas emissoras em todas as regi\u00f5es do Brasil<\/p>\n","protected":false},"author":1,"featured_media":40613,"comment_status":"open","ping_status":"open","sticky":false,"template":"","format":"standard","meta":{"fifu_image_url":"","fifu_image_alt":"","footnotes":""},"categories":[48],"tags":[],"class_list":["post-40612","post","type-post","status-publish","format-standard","has-post-thumbnail","hentry","category-mundo"],"distributor_meta":false,"distributor_terms":false,"distributor_media":false,"distributor_original_site_name":"Noticias em Destaque","distributor_original_site_url":"https:\/\/noticiasdestaque.com.br","push-errors":false,"_links":{"self":[{"href":"https:\/\/noticiasdestaque.com.br\/index.php\/wp-json\/wp\/v2\/posts\/40612","targetHints":{"allow":["GET"]}}],"collection":[{"href":"https:\/\/noticiasdestaque.com.br\/index.php\/wp-json\/wp\/v2\/posts"}],"about":[{"href":"https:\/\/noticiasdestaque.com.br\/index.php\/wp-json\/wp\/v2\/types\/post"}],"author":[{"embeddable":true,"href":"https:\/\/noticiasdestaque.com.br\/index.php\/wp-json\/wp\/v2\/users\/1"}],"replies":[{"embeddable":true,"href":"https:\/\/noticiasdestaque.com.br\/index.php\/wp-json\/wp\/v2\/comments?post=40612"}],"version-history":[{"count":0,"href":"https:\/\/noticiasdestaque.com.br\/index.php\/wp-json\/wp\/v2\/posts\/40612\/revisions"}],"wp:featuredmedia":[{"embeddable":true,"href":"https:\/\/noticiasdestaque.com.br\/index.php\/wp-json\/wp\/v2\/media\/40613"}],"wp:attachment":[{"href":"https:\/\/noticiasdestaque.com.br\/index.php\/wp-json\/wp\/v2\/media?parent=40612"}],"wp:term":[{"taxonomy":"category","embeddable":true,"href":"https:\/\/noticiasdestaque.com.br\/index.php\/wp-json\/wp\/v2\/categories?post=40612"},{"taxonomy":"post_tag","embeddable":true,"href":"https:\/\/noticiasdestaque.com.br\/index.php\/wp-json\/wp\/v2\/tags?post=40612"}],"curies":[{"name":"wp","href":"https:\/\/api.w.org\/{rel}","templated":true}]}}