{"id":40538,"date":"2024-12-20T00:05:00","date_gmt":"2024-12-20T03:05:00","guid":{"rendered":"https:\/\/noticiasdestaque.com.br\/index.php\/2024\/12\/20\/nota-fiscal-mineira-premio-de-r-1-milhao-sera-sorteado-na-proxima-segunda-feira-23\/"},"modified":"2024-12-20T00:05:00","modified_gmt":"2024-12-20T03:05:00","slug":"nota-fiscal-mineira-premio-de-r-1-milhao-sera-sorteado-na-proxima-segunda-feira-23","status":"publish","type":"post","link":"https:\/\/noticiasdestaque.com.br\/index.php\/2024\/12\/20\/nota-fiscal-mineira-premio-de-r-1-milhao-sera-sorteado-na-proxima-segunda-feira-23\/","title":{"rendered":"Nota fiscal mineira: pr\u00eamio de R$ 1 milh\u00e3o ser\u00e1 sorteado na pr\u00f3xima segunda-feira (23)"},"content":{"rendered":"<p>\t\t\t\t\t\t\t\t\t\t<audio controls class=\"b61_audio_player\" data-noticia=\"79087\" src=\"https:\/\/brasil61.com\/rails\/active_storage\/blobs\/eyJfcmFpbHMiOnsibWVzc2FnZSI6IkJBaHBBMXdiQXc9PSIsImV4cCI6bnVsbCwicHVyIjoiYmxvYl9pZCJ9fQ==--b17eee0c3a232d299cbade46c1c1f33c2db1cfa7\/BRAS2413186A\"><\/audio><\/p>\n<p>O grande pr\u00eamio de R$ 1 milh\u00e3o do programa <a href=\"https:\/\/notafiscalmineira.fazenda.mg.gov.br\/\" target=\"_blank\">Nota Fiscal Mineira<\/a> ser\u00e1 sorteado no dia 23 de dezembro, pr\u00f3xima segunda-feira. Estar\u00e3o concorrendo aqueles que tiveram bilhetes gerados em compras feitas no per\u00edodo de 5 de agosto a 13 de dezembro, por meio da emiss\u00e3o da Nota Fiscal Eletr\u00f4nica (NF-e) ou da Nota Fiscal de Consumidor Eletr\u00f4nica (NFC-e).<\/p>\n<p>Al\u00e9m dos consumidores, entidades de assist\u00eancia social tamb\u00e9m podem ser contempladas. Isso porque quem aderir ao programa pode selecionar at\u00e9 tr\u00eas entidades atuantes no estado e, caso esse consumidor seja sorteado, as\u00a0institui\u00e7\u00f5es tamb\u00e9m ganham. Vinculadas ao pr\u00eamio de R$ 1 milh\u00e3o, tr\u00eas entidades de assist\u00eancia social ser\u00e3o contempladas com R$ 30 mil cada.<\/p>\n<p>O programa Nota Fiscal Mineira foi lan\u00e7ado em agosto deste ano pelo Governo de Minas e a Secretaria de Estado de Fazenda (SEF) e \u00e9 um est\u00edmulo \u00e0 cidadania fiscal do estado, com sorteio de pr\u00eamios em dinheiro.\u00a0<\/p>\n<h2>Como participar<\/h2>\n<p>A ades\u00e3o ao programa \u00e9 volunt\u00e1ria e os consumidores interessados devem baixar o aplicativo Nota Fiscal Mineira, dispon\u00edvel nas lojas de aplicativos tanto para Android quanto para iOS, e fazer um cadastro.<\/p>\n<p>Para aderir\u00a0\u00e9 necess\u00e1rio seguir alguns crit\u00e9rios, como\u00a0ter 18 anos ou mais, pedir a emiss\u00e3o de NF-e ou da NFC-e e solicitar a inclus\u00e3o do CPF nesses documentos e ter conta corrente ou poupan\u00e7a pr\u00f3pria.\u00a0<\/p>\n<p>Cada NF-e ou NFC-e d\u00e1 direito \u00e0 emiss\u00e3o de pelo menos um bilhete automaticamente. Al\u00e9m disso, conforme o valor total das compras, o consumidor pode conseguir at\u00e9 cinco bilhetes, que ser\u00e3o gerados e armazenados no aplicativo. Para o sorteio, o resultado da Loteria Federal \u00e9 utilizado como um dos par\u00e2metros.\u00a0<\/p>\n<p>J\u00e1 as entidades que quiserem participar devem seguir algumas regras como, por exemplo, serem indicadas por um consumidor cadastrado, estarem no estado h\u00e1\u00a0pelo menos dois anos e n\u00e3o terem fins lucrativos, al\u00e9m de utilizarem os recursos do programa no estado mineiro.<\/p>\n<p>Para mais informa\u00e7\u00f5es, <a href=\"https:\/\/notafiscalmineira.fazenda.mg.gov.br\/\" target=\"_blank\">acesse notafiscalmineira.fazenda.mg.gov.br.<\/a><\/p>\n<h2>Balan\u00e7o do programa\u00a0<\/h2>\n<p>At\u00e9 o dia 31 de outubro, mais de R$ 5 milh\u00f5es\u00a0foram distribu\u00eddos para mais de 15 mil consumidores contemplados pela Nota Fiscal Mineira. Al\u00e9m disso, cerca de 4 mil entidades foram beneficiadas, com um total aproximado de R$ 1,6 milh\u00e3o.<\/p>\n<p>\u00a0<\/p>\n<p>\t\t\t\t\t\t\t\t\t<img loading=\"lazy\" decoding=\"async\" src=\"https:\/\/brasil61.com\/api\/v1\/serve_pixel\/17677\/79087\" alt=\"Pixel Brasil 61\" class=\"b61_pixel\" width=\"0\" height=\"0\"><\/p>\n<input type=\"hidden\" id=\"baseurl\" value=\"https:\/\/noticiasdestaque.com.br\"><input type=\"hidden\" id=\"audio_nonce\" value=\"6f73a554f1\">","protected":false},"excerpt":{"rendered":"<p>Podem participar aqueles que geraram bilhetes nas compras feitas entre 5 de agosto e 13 de dezembro de 2024<\/p>\n","protected":false},"author":1,"featured_media":40539,"comment_status":"open","ping_status":"open","sticky":false,"template":"","format":"standard","meta":{"fifu_image_url":"","fifu_image_alt":"","footnotes":""},"categories":[59],"tags":[],"class_list":["post-40538","post","type-post","status-publish","format-standard","has-post-thumbnail","hentry","category-economia"],"distributor_meta":false,"distributor_terms":false,"distributor_media":false,"distributor_original_site_name":"Noticias em Destaque","distributor_original_site_url":"https:\/\/noticiasdestaque.com.br","push-errors":false,"_links":{"self":[{"href":"https:\/\/noticiasdestaque.com.br\/index.php\/wp-json\/wp\/v2\/posts\/40538","targetHints":{"allow":["GET"]}}],"collection":[{"href":"https:\/\/noticiasdestaque.com.br\/index.php\/wp-json\/wp\/v2\/posts"}],"about":[{"href":"https:\/\/noticiasdestaque.com.br\/index.php\/wp-json\/wp\/v2\/types\/post"}],"author":[{"embeddable":true,"href":"https:\/\/noticiasdestaque.com.br\/index.php\/wp-json\/wp\/v2\/users\/1"}],"replies":[{"embeddable":true,"href":"https:\/\/noticiasdestaque.com.br\/index.php\/wp-json\/wp\/v2\/comments?post=40538"}],"version-history":[{"count":0,"href":"https:\/\/noticiasdestaque.com.br\/index.php\/wp-json\/wp\/v2\/posts\/40538\/revisions"}],"wp:featuredmedia":[{"embeddable":true,"href":"https:\/\/noticiasdestaque.com.br\/index.php\/wp-json\/wp\/v2\/media\/40539"}],"wp:attachment":[{"href":"https:\/\/noticiasdestaque.com.br\/index.php\/wp-json\/wp\/v2\/media?parent=40538"}],"wp:term":[{"taxonomy":"category","embeddable":true,"href":"https:\/\/noticiasdestaque.com.br\/index.php\/wp-json\/wp\/v2\/categories?post=40538"},{"taxonomy":"post_tag","embeddable":true,"href":"https:\/\/noticiasdestaque.com.br\/index.php\/wp-json\/wp\/v2\/tags?post=40538"}],"curies":[{"name":"wp","href":"https:\/\/api.w.org\/{rel}","templated":true}]}}