{"id":40532,"date":"2024-12-18T16:51:00","date_gmt":"2024-12-18T19:51:00","guid":{"rendered":"https:\/\/noticiasdestaque.com.br\/index.php\/2024\/12\/18\/pe-de-meia-mais-de-39-milhoes-de-alunos-foram-beneficiados-pelo-programa\/"},"modified":"2024-12-18T16:51:00","modified_gmt":"2024-12-18T19:51:00","slug":"pe-de-meia-mais-de-39-milhoes-de-alunos-foram-beneficiados-pelo-programa","status":"publish","type":"post","link":"https:\/\/noticiasdestaque.com.br\/index.php\/2024\/12\/18\/pe-de-meia-mais-de-39-milhoes-de-alunos-foram-beneficiados-pelo-programa\/","title":{"rendered":"P\u00e9-de-Meia: mais de 3,9 milh\u00f5es de alunos foram beneficiados pelo programa"},"content":{"rendered":"<p>\t\t\t\t\t\t\t\t\t\t<audio controls class=\"b61_audio_player\" data-noticia=\"79090\" src=\"https:\/\/brasil61.com\/rails\/active_storage\/blobs\/eyJfcmFpbHMiOnsibWVzc2FnZSI6IkJBaHBBMWtiQXc9PSIsImV4cCI6bnVsbCwicHVyIjoiYmxvYl9pZCJ9fQ==--bc4718ea5ac36c26bd278f03bc755a38f5e388dd\/PCXA240447A\"><\/audio><\/p>\n<p>Canetas, l\u00e1pis, cadernos e agenda. Itens b\u00e1sicos da lista de materiais escolares de qualquer aluno brasileiro. Mas era o que faltava para a Ana Lia Pereira, de 18 anos, de Parintins, no Amazonas, no in\u00edcio deste ano letivo.\u00a0<\/p>\n<p>\u00c0 \u00e9poca com 17, a aluna do \u00faltimo ano do curso t\u00e9cnico de n\u00edvel m\u00e9dio em agropecu\u00e1ria, do Instituto Federal de Educa\u00e7\u00e3o, Ci\u00eancia e Tecnologia do Amazonas, entrou no \u00a0P\u00e9-de-Meia. Desde mar\u00e7o de 2024, ela recebe os valores do programa. \u00a0<\/p>\n<p>J\u00e1 com a primeira parcela do benef\u00edcio em m\u00e3os, comprou os materiais que faltavam, al\u00e9m de produtos pessoais. \u00a0<\/p>\n<p>A Lia mora com a m\u00e3e, irm\u00e3o, tio e av\u00f3. Para ela, o \u00a0P\u00e9-de-Meia tem ajudado nas finan\u00e7as da sua fam\u00edlia, j\u00e1 que o dinheiro custeia as despesas escolares ao longo do ano, al\u00e9m de cal\u00e7ados e uniformes.\u00a0<\/p>\n<p>Para a estudante amazonense, o benef\u00edcio \u00e9 importante para a inicia\u00e7\u00e3o de jovens como ela na educa\u00e7\u00e3o financeira:\u00a0<\/p>\n<p>\u201cPude ter um controle, como se o dinheiro do P\u00e9-de-Meia fosse um trabalho. Ent\u00e3o, controlo esse dinheiro para que dure o m\u00eas todo. foi tamb\u00e9m uma parte para me preparar para o futuro, para que pudesse ter essa mente adulta de que n\u00e3o posso gastar com uma coisa f\u00fatil. O P\u00e9-de-Meia foi para me deixar forte, com a mente aberta \u2013 que pudesse abrir outros caminhos. ent\u00e3o, sou muito grata por esse benef\u00edcio.\u201d<\/p>\n<p>O P\u00e9-de-Meia beneficiou mais de 3 milh\u00f5es e novecentos mil estudantes em todo o pa\u00eds e combateu um problema muito s\u00e9rio: a evas\u00e3o escolar. A <a href=\"https:\/\/www.caixa.gov.br\/Paginas\/home-caixa.aspx\">CAIXA <\/a>e o Governo Federal incentivaram o estudo de alunos como Ana Lia Pereira repassando 3 bilh\u00f5es e meio de reais s\u00f3 neste ano. De quebra, o P\u00e9-de-Meia proporcionou ainda, a bancariza\u00e7\u00e3o de milh\u00f5es de jovens brasileiros. \u00a0<\/p>\n<p>\u201c\u00c9 uma oferta que mostra que o governo se preocupa com a educa\u00e7\u00e3o do cidad\u00e3o e, de certa forma, os discentes mostram interesse em buscar evoluir cada vez mais, assim garantindo o seu sucesso futuramente.\u201d<\/p>\n<p>O programa beneficia alunos entre 14 e 24 anos. Para saber mais sobre o programa, acesse: <a href=\"https:\/\/www.caixa.gov.br\/Paginas\/home-caixa.aspx\">www.caixa.gov.br<\/a>.<br \/>\n\u00a0<\/p>\n<p>\t\t\t\t\t\t\t\t\t<img loading=\"lazy\" decoding=\"async\" src=\"https:\/\/brasil61.com\/api\/v1\/serve_pixel\/17677\/79090\" alt=\"Pixel Brasil 61\" class=\"b61_pixel\" width=\"0\" height=\"0\"><\/p>\n<input type=\"hidden\" id=\"baseurl\" value=\"https:\/\/noticiasdestaque.com.br\"><input type=\"hidden\" id=\"audio_nonce\" value=\"34245022d4\">","protected":false},"excerpt":{"rendered":"<p>A CAIXA e o Governo Federal incentivaram o estudo de alunos repassando 3 bilh\u00f5es e meio de reais s\u00f3 neste ano.<\/p>\n","protected":false},"author":1,"featured_media":40533,"comment_status":"open","ping_status":"open","sticky":false,"template":"","format":"standard","meta":{"fifu_image_url":"","fifu_image_alt":"","footnotes":""},"categories":[59],"tags":[],"class_list":["post-40532","post","type-post","status-publish","format-standard","has-post-thumbnail","hentry","category-economia"],"distributor_meta":false,"distributor_terms":false,"distributor_media":false,"distributor_original_site_name":"Noticias em Destaque","distributor_original_site_url":"https:\/\/noticiasdestaque.com.br","push-errors":false,"_links":{"self":[{"href":"https:\/\/noticiasdestaque.com.br\/index.php\/wp-json\/wp\/v2\/posts\/40532","targetHints":{"allow":["GET"]}}],"collection":[{"href":"https:\/\/noticiasdestaque.com.br\/index.php\/wp-json\/wp\/v2\/posts"}],"about":[{"href":"https:\/\/noticiasdestaque.com.br\/index.php\/wp-json\/wp\/v2\/types\/post"}],"author":[{"embeddable":true,"href":"https:\/\/noticiasdestaque.com.br\/index.php\/wp-json\/wp\/v2\/users\/1"}],"replies":[{"embeddable":true,"href":"https:\/\/noticiasdestaque.com.br\/index.php\/wp-json\/wp\/v2\/comments?post=40532"}],"version-history":[{"count":0,"href":"https:\/\/noticiasdestaque.com.br\/index.php\/wp-json\/wp\/v2\/posts\/40532\/revisions"}],"wp:featuredmedia":[{"embeddable":true,"href":"https:\/\/noticiasdestaque.com.br\/index.php\/wp-json\/wp\/v2\/media\/40533"}],"wp:attachment":[{"href":"https:\/\/noticiasdestaque.com.br\/index.php\/wp-json\/wp\/v2\/media?parent=40532"}],"wp:term":[{"taxonomy":"category","embeddable":true,"href":"https:\/\/noticiasdestaque.com.br\/index.php\/wp-json\/wp\/v2\/categories?post=40532"},{"taxonomy":"post_tag","embeddable":true,"href":"https:\/\/noticiasdestaque.com.br\/index.php\/wp-json\/wp\/v2\/tags?post=40532"}],"curies":[{"name":"wp","href":"https:\/\/api.w.org\/{rel}","templated":true}]}}