{"id":40473,"date":"2024-12-15T18:00:00","date_gmt":"2024-12-15T21:00:00","guid":{"rendered":"https:\/\/noticiasdestaque.com.br\/index.php\/2024\/12\/15\/previsao-do-tempo-chuvas-no-leste-da-regiao-sul-nesta-segunda-feira-16\/"},"modified":"2024-12-15T18:00:00","modified_gmt":"2024-12-15T21:00:00","slug":"previsao-do-tempo-chuvas-no-leste-da-regiao-sul-nesta-segunda-feira-16","status":"publish","type":"post","link":"https:\/\/noticiasdestaque.com.br\/index.php\/2024\/12\/15\/previsao-do-tempo-chuvas-no-leste-da-regiao-sul-nesta-segunda-feira-16\/","title":{"rendered":"PREVIS\u00c3O DO TEMPO: Chuvas no leste da regi\u00e3o Sul nesta segunda-feira (16)"},"content":{"rendered":"<p>Previs\u00e3o de tempo com chuvas no leste da regi\u00e3o Sul, nesta segunda-feira (16). O Instituto Nacional de Meteorologia, Inmet, emitiu alerta de perigo de chuvas intensas, com volumes entre 50 e 100 mm\/dia, para a manh\u00e3.<\/p>\n<p>O comunicado vale para as seguintes regi\u00f5es: \u00a0Nordeste Rio-grandense e Metropolitana de Porto Alegre; e para o Sul e Serrana de Santa Catarina.\u00a0<\/p>\n<p>H\u00e1 previs\u00e3o de chuvas com volumes menores para o Vale do Itaja\u00ed, Grande Florian\u00f3polis, Norte e Oeste Catarinense; e para o Noroeste, Centro Oriental, Centro Ocidental, Sudeste e Nordeste do Rio Grande do Sul.\u00a0<\/p>\n<p>Nas demais \u00e1reas da regi\u00e3o Sul, c\u00e9u variando entre muitas e poucas nuvens.\u00a0<\/p>\n<p>Em Porto Alegre (RS), m\u00ednima de 15\u00baC e m\u00e1xima de 24\u00baC. Florian\u00f3polis (SC) deve registrar m\u00ednima de 18\u00baC e m\u00e1xima de 27\u00baC. M\u00ednima de 15\u00baC e m\u00e1xima de 26\u00baC em Curitiba (PR).<\/p>\n<p>As informa\u00e7\u00f5es s\u00e3o do Instituto Nacional de Meteorologia.<\/p>\n<p>\u00a0<\/p>\n<p>\t\t\t\t\t\t\t\t\t<img loading=\"lazy\" decoding=\"async\" src=\"https:\/\/brasil61.com\/api\/v1\/serve_pixel\/17677\/79040\" alt=\"Pixel Brasil 61\" class=\"b61_pixel\" width=\"0\" height=\"0\"><\/p>\n<input type=\"hidden\" id=\"baseurl\" value=\"https:\/\/noticiasdestaque.com.br\"><input type=\"hidden\" id=\"audio_nonce\" value=\"6f73a554f1\">","protected":false},"excerpt":{"rendered":"<p>Instituto Nacional de Meteorologia, Inmet, emitiu alerta de perigo de chuvas intensas, com volumes entre 50 e 100 mm\/dia, para a manh\u00e3<\/p>\n","protected":false},"author":1,"featured_media":40474,"comment_status":"open","ping_status":"open","sticky":false,"template":"","format":"standard","meta":{"fifu_image_url":"","fifu_image_alt":"","footnotes":""},"categories":[58],"tags":[],"class_list":["post-40473","post","type-post","status-publish","format-standard","has-post-thumbnail","hentry","category-cotidiano"],"distributor_meta":false,"distributor_terms":false,"distributor_media":false,"distributor_original_site_name":"Noticias em Destaque","distributor_original_site_url":"https:\/\/noticiasdestaque.com.br","push-errors":false,"_links":{"self":[{"href":"https:\/\/noticiasdestaque.com.br\/index.php\/wp-json\/wp\/v2\/posts\/40473","targetHints":{"allow":["GET"]}}],"collection":[{"href":"https:\/\/noticiasdestaque.com.br\/index.php\/wp-json\/wp\/v2\/posts"}],"about":[{"href":"https:\/\/noticiasdestaque.com.br\/index.php\/wp-json\/wp\/v2\/types\/post"}],"author":[{"embeddable":true,"href":"https:\/\/noticiasdestaque.com.br\/index.php\/wp-json\/wp\/v2\/users\/1"}],"replies":[{"embeddable":true,"href":"https:\/\/noticiasdestaque.com.br\/index.php\/wp-json\/wp\/v2\/comments?post=40473"}],"version-history":[{"count":0,"href":"https:\/\/noticiasdestaque.com.br\/index.php\/wp-json\/wp\/v2\/posts\/40473\/revisions"}],"wp:featuredmedia":[{"embeddable":true,"href":"https:\/\/noticiasdestaque.com.br\/index.php\/wp-json\/wp\/v2\/media\/40474"}],"wp:attachment":[{"href":"https:\/\/noticiasdestaque.com.br\/index.php\/wp-json\/wp\/v2\/media?parent=40473"}],"wp:term":[{"taxonomy":"category","embeddable":true,"href":"https:\/\/noticiasdestaque.com.br\/index.php\/wp-json\/wp\/v2\/categories?post=40473"},{"taxonomy":"post_tag","embeddable":true,"href":"https:\/\/noticiasdestaque.com.br\/index.php\/wp-json\/wp\/v2\/tags?post=40473"}],"curies":[{"name":"wp","href":"https:\/\/api.w.org\/{rel}","templated":true}]}}