{"id":40471,"date":"2024-12-15T18:00:00","date_gmt":"2024-12-15T21:00:00","guid":{"rendered":"https:\/\/noticiasdestaque.com.br\/index.php\/2024\/12\/15\/previsao-do-tempo-muitas-nuvens-com-pancadas-de-chuva-em-mg-es-e-rj\/"},"modified":"2024-12-15T18:00:00","modified_gmt":"2024-12-15T21:00:00","slug":"previsao-do-tempo-muitas-nuvens-com-pancadas-de-chuva-em-mg-es-e-rj","status":"publish","type":"post","link":"https:\/\/noticiasdestaque.com.br\/index.php\/2024\/12\/15\/previsao-do-tempo-muitas-nuvens-com-pancadas-de-chuva-em-mg-es-e-rj\/","title":{"rendered":"PREVIS\u00c3O DO TEMPO: Muitas nuvens com pancadas de chuva em MG, ES e RJ"},"content":{"rendered":"<p>Predom\u00ednio de muitas nuvens com pancadas de chuva e trovoadas isoladas em Minas Gerais, Esp\u00edrito Santo e Rio de Janeiro, nesta segunda-feira (16).\u00a0<\/p>\n<p>Muitas nuvens com possibilidade de chuva isolada em grande parte do estado de S\u00e3o Paulo.\u00a0<\/p>\n<p>O Instituto Nacional de Meteorologia, Inmet, emitiu alerta de perigo potencial de chuvas intensas, com volumes de at\u00e9 50 mm\/dia, para as seguintes \u00e1reas: Metropolitana de Belo Horizonte, Tri\u00e2ngulo Mineiro\/Alto Parana\u00edba, Central Mineira, Zona da Mata, Vale do Rio Doce, Campo das Vertentes, Oeste de Minas, Vale do Mucuri, Norte de Minas, Sul\/Sudoeste de Minas; Noroeste, Litoral Norte e Sul do Esp\u00edrito Santo; Sul, Centro, Norte e Noroeste fluminense e Metropolitana do Rio de Janeiro; Ribeir\u00e3o Preto, S\u00e3o Jos\u00e9 do Rio Preto, Metropolitana de S\u00e3o Paulo.\u00a0<\/p>\n<p>Entre as capitais, temperaturas m\u00ednimas de 16\u00baC em S\u00e3o Paulo (SP) e de 19\u00baC em Belo Horizonte (MG). M\u00e1ximas de 34\u00baC no Rio de Janeiro (RJ) e em Vit\u00f3ria (ES).<\/p>\n<p>As informa\u00e7\u00f5es s\u00e3o do Instituto Nacional de Meteorologia.<\/p>\n<p>\n\u00a0<\/p>\n<p>\t\t\t\t\t\t\t\t\t<img loading=\"lazy\" decoding=\"async\" src=\"https:\/\/brasil61.com\/api\/v1\/serve_pixel\/17677\/79039\" alt=\"Pixel Brasil 61\" class=\"b61_pixel\" width=\"0\" height=\"0\"><\/p>\n<input type=\"hidden\" id=\"baseurl\" value=\"https:\/\/noticiasdestaque.com.br\"><input type=\"hidden\" id=\"audio_nonce\" value=\"6f73a554f1\">","protected":false},"excerpt":{"rendered":"<p>Muitas nuvens com possibilidade de chuva isolada em grande parte do estado de S\u00e3o Paulo. <\/p>\n","protected":false},"author":1,"featured_media":40472,"comment_status":"open","ping_status":"open","sticky":false,"template":"","format":"standard","meta":{"fifu_image_url":"","fifu_image_alt":"","footnotes":""},"categories":[58],"tags":[],"class_list":["post-40471","post","type-post","status-publish","format-standard","has-post-thumbnail","hentry","category-cotidiano"],"distributor_meta":false,"distributor_terms":false,"distributor_media":false,"distributor_original_site_name":"Noticias em Destaque","distributor_original_site_url":"https:\/\/noticiasdestaque.com.br","push-errors":false,"_links":{"self":[{"href":"https:\/\/noticiasdestaque.com.br\/index.php\/wp-json\/wp\/v2\/posts\/40471","targetHints":{"allow":["GET"]}}],"collection":[{"href":"https:\/\/noticiasdestaque.com.br\/index.php\/wp-json\/wp\/v2\/posts"}],"about":[{"href":"https:\/\/noticiasdestaque.com.br\/index.php\/wp-json\/wp\/v2\/types\/post"}],"author":[{"embeddable":true,"href":"https:\/\/noticiasdestaque.com.br\/index.php\/wp-json\/wp\/v2\/users\/1"}],"replies":[{"embeddable":true,"href":"https:\/\/noticiasdestaque.com.br\/index.php\/wp-json\/wp\/v2\/comments?post=40471"}],"version-history":[{"count":0,"href":"https:\/\/noticiasdestaque.com.br\/index.php\/wp-json\/wp\/v2\/posts\/40471\/revisions"}],"wp:featuredmedia":[{"embeddable":true,"href":"https:\/\/noticiasdestaque.com.br\/index.php\/wp-json\/wp\/v2\/media\/40472"}],"wp:attachment":[{"href":"https:\/\/noticiasdestaque.com.br\/index.php\/wp-json\/wp\/v2\/media?parent=40471"}],"wp:term":[{"taxonomy":"category","embeddable":true,"href":"https:\/\/noticiasdestaque.com.br\/index.php\/wp-json\/wp\/v2\/categories?post=40471"},{"taxonomy":"post_tag","embeddable":true,"href":"https:\/\/noticiasdestaque.com.br\/index.php\/wp-json\/wp\/v2\/tags?post=40471"}],"curies":[{"name":"wp","href":"https:\/\/api.w.org\/{rel}","templated":true}]}}