{"id":40453,"date":"2024-12-15T13:00:00","date_gmt":"2024-12-15T16:00:00","guid":{"rendered":"https:\/\/noticiasdestaque.com.br\/index.php\/2024\/12\/15\/reforma-tributaria-texto-aprovado-no-senado-e-criticado-pela-cacb-por-desconsiderar-vantagens-do-simples-nacional\/"},"modified":"2024-12-15T13:00:00","modified_gmt":"2024-12-15T16:00:00","slug":"reforma-tributaria-texto-aprovado-no-senado-e-criticado-pela-cacb-por-desconsiderar-vantagens-do-simples-nacional","status":"publish","type":"post","link":"https:\/\/noticiasdestaque.com.br\/index.php\/2024\/12\/15\/reforma-tributaria-texto-aprovado-no-senado-e-criticado-pela-cacb-por-desconsiderar-vantagens-do-simples-nacional\/","title":{"rendered":"Reforma Tribut\u00e1ria: texto aprovado no Senado \u00e9 criticado pela CACB por desconsiderar vantagens do Simples Nacional"},"content":{"rendered":"<p>\t\t\t\t\t\t\t\t\t\t<audio controls class=\"b61_audio_player\" data-noticia=\"79021\" src=\"https:\/\/brasil61.com\/rails\/active_storage\/blobs\/eyJfcmFpbHMiOnsibWVzc2FnZSI6IkJBaHBBMVlhQXc9PSIsImV4cCI6bnVsbCwicHVyIjoiYmxvYl9pZCJ9fQ==--afc7b8665e8bf5cb39912222fcfc0071e49f8d6e\/BRAS2413170A\"><\/audio><\/p>\n<p>O texto que trata da regulamenta\u00e7\u00e3o da reforma tribut\u00e1ria aprovado pelo plen\u00e1rio do Senado causou insatisfa\u00e7\u00e3o a entidades ligadas aos micro e pequenos empres\u00e1rios do pa\u00eds, como \u00e9 o caso da Confedera\u00e7\u00e3o das Associa\u00e7\u00f5es Comerciais e Empresariais do Brasil <a href=\"https:\/\/cacb.org.br\/\" target=\"_blank\">(CACB)<\/a>.\u00a0<\/p>\n<p>Segundo o presidente da entidade, Alfredo Cotait Neto, a indigna\u00e7\u00e3o se d\u00e1 pelo falo de os senadores n\u00e3o terem levado em considera\u00e7\u00e3o sugest\u00f5es apresentadas pelo setor &#8211; decis\u00e3o que, na pr\u00e1tica, vai prejudicar os pequenos neg\u00f3cios.\u00a0<\/p>\n<p>Cotait refirma que a CACB apresentou tr\u00eas emendas referentes ao Simples Nacional, por acreditar que, da forma que est\u00e1 sendo apresentada, a proposta acaba com as vantagens de aderir a esse regime. Segundo ele, as emendas n\u00e3o foram acatadas.<\/p>\n<p>\u201cEnt\u00e3o, na nossa avalia\u00e7\u00e3o \u00e9 lament\u00e1vel. Eles est\u00e3o desconsiderando o Simples Nacional\u00a0que, na nossa opini\u00e3o, \u00e9 o maior instrumento econ\u00f4mico-social do pa\u00eds de inclus\u00e3o de empreendedores na economia. Infelizmente, os nossos parlamentares do Senado n\u00e3o tiveram a magnitude de entender isso\u00a0e fizeram um processo completamente adverso da pr\u00f3pria sociedade civil\u201d, destacou.<\/p>\n<p>Cotait afirmou, ainda, que a entidade ver\u00e1 se h\u00e1 outra possibilidade de reverter esse quadro junto aos deputados, em meio aos debates sobre a regulamenta\u00e7\u00e3o da reforma que ainda ocorrer\u00e3o na C\u00e2mara.<\/p>\n<p><a href=\"https:\/\/brasil61.com\/n\/aprovacao-de-lula-e-inferior-a-de-governadores-de-go-pr-sp-e-mg-bras2413160\" target=\"_blank\">Aprova\u00e7\u00e3o de Lula \u00e9 inferior a de governadores de GO, PR, SP e MG<\/a><\/p>\n<p><a href=\"https:\/\/brasil61.com\/n\/cfem-anm-destina-mais-de-r-446-milhoes-a-estados-e-municipios-produtores-minerarios-bras2413162\" target=\"_blank\">CFEM: ANM destina mais de R$ 446 milh\u00f5es a estados e munic\u00edpios produtores miner\u00e1rios<\/a><\/p>\n<p>\u201cN\u00f3s temos que considerar qual \u00e9 a atividade da empresa do Simples Nacional. Primeiro, ela \u00e9 o maior instrumento de inclus\u00e3o das empresas se formalizando. H\u00e1 uma leitura equivocada do governo sobre o Simples. Eu insisto que o Simples n\u00e3o \u00e9 uma ren\u00fancia fiscal\u201d, pontua.<\/p>\n<p>Na avalia\u00e7\u00e3o do presidente da CACB, se prevalecer o modelo aprovado no Senado, pelo menos 20% das empresas optantes do Simples Nacional devem fechar e algumas outras entrar para a informalidade. Para ele, como o Simples Nacional e as micro e pequenas empresas s\u00e3o as maiores geradoras de emprego do Brasil, deve haver, inclusive, uma certa redu\u00e7\u00e3o na gera\u00e7\u00e3o de emprego no pa\u00eds.<\/p>\n<p>\t\t\t\t\t\t\t\t\t<img loading=\"lazy\" decoding=\"async\" src=\"https:\/\/brasil61.com\/api\/v1\/serve_pixel\/17677\/79021\" alt=\"Pixel Brasil 61\" class=\"b61_pixel\" width=\"0\" height=\"0\"><\/p>\n<input type=\"hidden\" id=\"baseurl\" value=\"https:\/\/noticiasdestaque.com.br\"><input type=\"hidden\" id=\"audio_nonce\" value=\"6f73a554f1\">","protected":false},"excerpt":{"rendered":"<p>Segundo o presidente da entidade, Alfredo Cotait Neto, se prevalecer o modelo aprovado no Senado, pelo menos 20% das empresas optantes do Simples Nacional devem fechar<\/p>\n","protected":false},"author":1,"featured_media":40454,"comment_status":"open","ping_status":"open","sticky":false,"template":"","format":"standard","meta":{"fifu_image_url":"","fifu_image_alt":"","footnotes":""},"categories":[50],"tags":[],"class_list":["post-40453","post","type-post","status-publish","format-standard","has-post-thumbnail","hentry","category-politica"],"distributor_meta":false,"distributor_terms":false,"distributor_media":false,"distributor_original_site_name":"Noticias em Destaque","distributor_original_site_url":"https:\/\/noticiasdestaque.com.br","push-errors":false,"_links":{"self":[{"href":"https:\/\/noticiasdestaque.com.br\/index.php\/wp-json\/wp\/v2\/posts\/40453","targetHints":{"allow":["GET"]}}],"collection":[{"href":"https:\/\/noticiasdestaque.com.br\/index.php\/wp-json\/wp\/v2\/posts"}],"about":[{"href":"https:\/\/noticiasdestaque.com.br\/index.php\/wp-json\/wp\/v2\/types\/post"}],"author":[{"embeddable":true,"href":"https:\/\/noticiasdestaque.com.br\/index.php\/wp-json\/wp\/v2\/users\/1"}],"replies":[{"embeddable":true,"href":"https:\/\/noticiasdestaque.com.br\/index.php\/wp-json\/wp\/v2\/comments?post=40453"}],"version-history":[{"count":0,"href":"https:\/\/noticiasdestaque.com.br\/index.php\/wp-json\/wp\/v2\/posts\/40453\/revisions"}],"wp:featuredmedia":[{"embeddable":true,"href":"https:\/\/noticiasdestaque.com.br\/index.php\/wp-json\/wp\/v2\/media\/40454"}],"wp:attachment":[{"href":"https:\/\/noticiasdestaque.com.br\/index.php\/wp-json\/wp\/v2\/media?parent=40453"}],"wp:term":[{"taxonomy":"category","embeddable":true,"href":"https:\/\/noticiasdestaque.com.br\/index.php\/wp-json\/wp\/v2\/categories?post=40453"},{"taxonomy":"post_tag","embeddable":true,"href":"https:\/\/noticiasdestaque.com.br\/index.php\/wp-json\/wp\/v2\/tags?post=40453"}],"curies":[{"name":"wp","href":"https:\/\/api.w.org\/{rel}","templated":true}]}}