{"id":40451,"date":"2024-12-15T14:10:00","date_gmt":"2024-12-15T17:10:00","guid":{"rendered":"https:\/\/noticiasdestaque.com.br\/index.php\/2024\/12\/15\/voto-impresso-e-contagem-de-cedulas-o-que-preve-projeto-aprovado-pela-camara\/"},"modified":"2024-12-15T14:10:00","modified_gmt":"2024-12-15T17:10:00","slug":"voto-impresso-e-contagem-de-cedulas-o-que-preve-projeto-aprovado-pela-camara","status":"publish","type":"post","link":"https:\/\/noticiasdestaque.com.br\/index.php\/2024\/12\/15\/voto-impresso-e-contagem-de-cedulas-o-que-preve-projeto-aprovado-pela-camara\/","title":{"rendered":"Voto impresso e contagem de c\u00e9dulas: o que prev\u00ea projeto aprovado pela C\u00e2mara"},"content":{"rendered":"<p>\t\t\t\t\t\t\t\t\t\t<audio controls class=\"b61_audio_player\" data-noticia=\"79020\" src=\"https:\/\/brasil61.com\/rails\/active_storage\/blobs\/eyJfcmFpbHMiOnsibWVzc2FnZSI6IkJBaHBBMUVhQXc9PSIsImV4cCI6bnVsbCwicHVyIjoiYmxvYl9pZCJ9fQ==--32b21ecd4c1ec41d5dea46f8eb4d6728baefc20e\/BRAS2413169A\"><\/audio><\/p>\n<p>A Comiss\u00e3o de Constitui\u00e7\u00e3o e Justi\u00e7a e de Cidadania da C\u00e2mara dos Deputados aprovou o<a href=\"https:\/\/www.camara.leg.br\/proposicoesWeb\/prop_mostrarintegra?codteor=1321880&amp;filename=PL%201169\/2015\" target=\"_blank\"> Projeto de Lei n\u00ba 1.169\/2015<\/a>, do deputado Carlos Henrique Gaguim (Uni\u00e3o-TO), que estabelece o voto impresso no Brasil e torna obrigat\u00f3ria a verifica\u00e7\u00e3o de votos da urna eletr\u00f4nica. Al\u00e9m disso, permite que partidos pol\u00edticos pe\u00e7am a recontagem f\u00edsica de votos em elei\u00e7\u00f5es nacional, estaduais, distritais ou municipais.\u00a0O texto aprovado \u00e9 <a href=\"https:\/\/www.camara.leg.br\/proposicoesWeb\/prop_mostrarintegra?codteor=2837913\" target=\"_blank\">substitutivo<\/a> do deputado Jos\u00e9 Medeiros (PL-MT) e\u00a0pro\u00edbe a ado\u00e7\u00e3o exclusiva do voto eletr\u00f4nico.\u00a0<\/p>\n<p>Pelo texto, imediatamente ap\u00f3s o encerramento da vota\u00e7\u00e3o, 5% das urnas eletr\u00f4nicas devem ser selecionadas aleatoriamente, por meio de sorteio p\u00fablico, para a contagem p\u00fablica dos votos. Devem estar presentes representantes dos partidos pol\u00edticos, do Minist\u00e9rio P\u00fablico, da Ordem dos Advogados do Brasil (OAB) e de outras entidades interessadas.<\/p>\n<p>Al\u00e9m disso, o projeto prop\u00f5e que o \u00f3rg\u00e3o nacional de partido pol\u00edtico possa solicitar, no prazo de at\u00e9 48 horas ap\u00f3s a divulga\u00e7\u00e3o oficial do resultado final das elei\u00e7\u00f5es, a recontagem dos votos.<\/p>\n<p>Em seu voto, o deputado Jos\u00e9 Medeiros (PL-MT) destacou que \u201cao adotar essa medida, o processo eleitoral brasileiro refor\u00e7ar\u00e1 sua credibilidade, assegurando aos eleitores que os resultados refletem fielmente a vontade popular\u201d.<\/p>\n<p>Para ele, \u201ca presen\u00e7a de diversas entidades na contagem dos votos \u201cpromove a participa\u00e7\u00e3o cidad\u00e3 e o controle social, elementos fundamentais em uma democracia s\u00f3lida\u201d.\u00a0<\/p>\n<h2>Tramita\u00e7\u00e3o<\/h2>\n<p>A proposta muda a Lei das Elei\u00e7\u00f5es. E a aprova\u00e7\u00e3o do projeto contraria a decis\u00e3o do Supremo Tribunal Federal (STF), que, em 2020, declarou inconstitucional o voto impresso.<\/p>\n<p>Para virar lei, o projeto precisa ser aprovado pela C\u00e2mara e pelo Senado.<br \/>\n\u00a0<\/p>\n<p>\t\t\t\t\t\t\t\t\t<img loading=\"lazy\" decoding=\"async\" src=\"https:\/\/brasil61.com\/api\/v1\/serve_pixel\/17677\/79020\" alt=\"Pixel Brasil 61\" class=\"b61_pixel\" width=\"0\" height=\"0\"><\/p>\n<input type=\"hidden\" id=\"baseurl\" value=\"https:\/\/noticiasdestaque.com.br\"><input type=\"hidden\" id=\"audio_nonce\" value=\"6f73a554f1\">","protected":false},"excerpt":{"rendered":"<p>Aprovado pela Comiss\u00e3o de Constitui\u00e7\u00e3o e Justi\u00e7a da C\u00e2mara, texto ainda precisa ser votado no Plen\u00e1rio da Casa e tamb\u00e9m no Senado<\/p>\n","protected":false},"author":1,"featured_media":40452,"comment_status":"open","ping_status":"open","sticky":false,"template":"","format":"standard","meta":{"fifu_image_url":"","fifu_image_alt":"","footnotes":""},"categories":[50],"tags":[],"class_list":["post-40451","post","type-post","status-publish","format-standard","has-post-thumbnail","hentry","category-politica"],"distributor_meta":false,"distributor_terms":false,"distributor_media":false,"distributor_original_site_name":"Noticias em Destaque","distributor_original_site_url":"https:\/\/noticiasdestaque.com.br","push-errors":false,"_links":{"self":[{"href":"https:\/\/noticiasdestaque.com.br\/index.php\/wp-json\/wp\/v2\/posts\/40451","targetHints":{"allow":["GET"]}}],"collection":[{"href":"https:\/\/noticiasdestaque.com.br\/index.php\/wp-json\/wp\/v2\/posts"}],"about":[{"href":"https:\/\/noticiasdestaque.com.br\/index.php\/wp-json\/wp\/v2\/types\/post"}],"author":[{"embeddable":true,"href":"https:\/\/noticiasdestaque.com.br\/index.php\/wp-json\/wp\/v2\/users\/1"}],"replies":[{"embeddable":true,"href":"https:\/\/noticiasdestaque.com.br\/index.php\/wp-json\/wp\/v2\/comments?post=40451"}],"version-history":[{"count":0,"href":"https:\/\/noticiasdestaque.com.br\/index.php\/wp-json\/wp\/v2\/posts\/40451\/revisions"}],"wp:featuredmedia":[{"embeddable":true,"href":"https:\/\/noticiasdestaque.com.br\/index.php\/wp-json\/wp\/v2\/media\/40452"}],"wp:attachment":[{"href":"https:\/\/noticiasdestaque.com.br\/index.php\/wp-json\/wp\/v2\/media?parent=40451"}],"wp:term":[{"taxonomy":"category","embeddable":true,"href":"https:\/\/noticiasdestaque.com.br\/index.php\/wp-json\/wp\/v2\/categories?post=40451"},{"taxonomy":"post_tag","embeddable":true,"href":"https:\/\/noticiasdestaque.com.br\/index.php\/wp-json\/wp\/v2\/tags?post=40451"}],"curies":[{"name":"wp","href":"https:\/\/api.w.org\/{rel}","templated":true}]}}