{"id":40437,"date":"2024-12-09T00:02:00","date_gmt":"2024-12-09T03:02:00","guid":{"rendered":"https:\/\/noticiasdestaque.com.br\/index.php\/2024\/12\/09\/reforma-tributaria-e-transicao-energetica-sao-destaques-desta-semana-no-congresso-nacional\/"},"modified":"2024-12-09T00:02:00","modified_gmt":"2024-12-09T03:02:00","slug":"reforma-tributaria-e-transicao-energetica-sao-destaques-desta-semana-no-congresso-nacional","status":"publish","type":"post","link":"https:\/\/noticiasdestaque.com.br\/index.php\/2024\/12\/09\/reforma-tributaria-e-transicao-energetica-sao-destaques-desta-semana-no-congresso-nacional\/","title":{"rendered":"Reforma tribut\u00e1ria e transi\u00e7\u00e3o energ\u00e9tica s\u00e3o destaques desta semana no Congresso Nacional"},"content":{"rendered":"<p>\t\t\t\t\t\t\t\t\t\t<audio controls class=\"b61_audio_player\" data-noticia=\"78917\" src=\"https:\/\/brasil61.com\/rails\/active_storage\/blobs\/eyJfcmFpbHMiOnsibWVzc2FnZSI6IkJBaHBBMjhZQXc9PSIsImV4cCI6bnVsbCwicHVyIjoiYmxvYl9pZCJ9fQ==--68de3fe82fa4db5b3b030d6e6d692e324f4f68ae\/BRAS2413137A\"><\/audio><\/p>\n<p>Com a proximidade do recesso parlamentar, os congressistas ter\u00e3o uma semana agitada para tentar avan\u00e7ar com temas relevantes. No Senado Federal, por exemplo, a Comiss\u00e3o de Constitui\u00e7\u00e3o e Justi\u00e7a <a href=\"https:\/\/legis.senado.leg.br\/atividade\/comissoes\/comissao\/34\/\" target=\"_blank\">(CCJ)<\/a> deve votar nesta quarta-feira (11) a regulamenta\u00e7\u00e3o da reforma tribut\u00e1ria \u2013 prevista no projeto de lei complementar <a href=\"https:\/\/www25.senado.leg.br\/web\/atividade\/materias\/-\/materia\/164914\" target=\"_blank\">68\/2024<\/a>.<\/p>\n<p>O relator da proposta, senador <a href=\"https:\/\/www25.senado.leg.br\/web\/senadores\/senador\/-\/perfil\/4994\" target=\"_blank\">Eduardo Braga (MDB-AM)<\/a>, deve apresentar um substitutivo ao projeto ainda nesta segunda-feira (9). O presidente do Senado, <a href=\"https:\/\/www25.senado.leg.br\/web\/senadores\/senador\/-\/perfil\/5732\" target=\"_blank\">Rodrigo Pacheco (PSD-MG)<\/a>, afirmou que at\u00e9 o dia 19 de dezembro\u00a0a Casa contar\u00e1 com vota\u00e7\u00f5es presenciais \u00e0s ter\u00e7as, quartas e quintas-feiras. Diante disso, ele fez um apelo para que os senadores compare\u00e7am \u00e0s sess\u00f5es neste per\u00edodo. \u00a0<\/p>\n<p>Sem muita expectativa de vota\u00e7\u00e3o este ano \u2013 mas com alguma possibilidade \u2013 outro tema que est\u00e1 no radar nesta semana \u00e9 o pacote de corte de gastos do governo \u2013 previsto no projeto de lei <a href=\"https:\/\/www.camara.leg.br\/proposicoesWeb\/fichadetramitacao?idProposicao=2473375\" target=\"_blank\">4614\/2024<\/a> e no projeto de lei complementar <a href=\"https:\/\/www.camara.leg.br\/proposicoesWeb\/fichadetramitacao?idProposicao=2473389\" target=\"_blank\">210\/2024<\/a>, ambos com regime de urg\u00eancia aprovado na \u00faltima semana.\u00a0<\/p>\n<p><a href=\"https:\/\/brasil61.com\/n\/marco-dos-bioinsumos-representantes-do-agro-defendem-importancia-do-projeto-aprovado-no-senado-bras2413117\" target=\"_blank\">Marco dos bioinsumos: representantes do agro defendem import\u00e2ncia do projeto aprovado no Senado<\/a><\/p>\n<p>Al\u00e9m dessas mat\u00e9rias, outras proposi\u00e7\u00f5es dever\u00e3o compor a pauta do Congresso Nacional, como \u00e9 o caso do <a href=\"https:\/\/www25.senado.leg.br\/web\/atividade\/materias\/-\/materia\/162766\" target=\"_blank\">projeto de lei 327\/2021<\/a>, que cria o Programa de Acelera\u00e7\u00e3o da Transi\u00e7\u00e3o Energ\u00e9tica, al\u00e9m do projeto de lei que trata do aproveitamento de energia e\u00f3lica offshore para expandir a produ\u00e7\u00e3o de eletricidade no pa\u00eds, o <a href=\"https:\/\/www25.senado.leg.br\/web\/atividade\/materias\/-\/materia\/163024\" target=\"_blank\">PL 576\/2021<\/a>.<\/p>\n<p>As comiss\u00f5es do Senado tamb\u00e9m devem votar, ao longo dos pr\u00f3ximos dias, algumas indica\u00e7\u00f5es do governo federal, como embaixadores na Comiss\u00e3o de Rela\u00e7\u00f5es Exteriores; membros do Conselho Nacional de Justi\u00e7a e do Superior Tribunal Militar, por exemplo. \u00a0<br \/>\n\u00a0<\/p>\n<p>\t\t\t\t\t\t\t\t\t<img loading=\"lazy\" decoding=\"async\" src=\"https:\/\/brasil61.com\/api\/v1\/serve_pixel\/17677\/78917\" alt=\"Pixel Brasil 61\" class=\"b61_pixel\" width=\"0\" height=\"0\"><\/p>\n<input type=\"hidden\" id=\"baseurl\" value=\"https:\/\/noticiasdestaque.com.br\"><input type=\"hidden\" id=\"audio_nonce\" value=\"6f73a554f1\">","protected":false},"excerpt":{"rendered":"<p>O relator da proposta de regulamenta\u00e7\u00e3o da reforma tribut\u00e1ria, senador Eduardo Braga (MDB-AM), deve apresentar um substitutivo ao projeto ainda nesta segunda-feira (9). <\/p>\n","protected":false},"author":1,"featured_media":40438,"comment_status":"open","ping_status":"open","sticky":false,"template":"","format":"standard","meta":{"fifu_image_url":"","fifu_image_alt":"","footnotes":""},"categories":[50],"tags":[],"class_list":["post-40437","post","type-post","status-publish","format-standard","has-post-thumbnail","hentry","category-politica"],"distributor_meta":false,"distributor_terms":false,"distributor_media":false,"distributor_original_site_name":"Noticias em Destaque","distributor_original_site_url":"https:\/\/noticiasdestaque.com.br","push-errors":false,"_links":{"self":[{"href":"https:\/\/noticiasdestaque.com.br\/index.php\/wp-json\/wp\/v2\/posts\/40437","targetHints":{"allow":["GET"]}}],"collection":[{"href":"https:\/\/noticiasdestaque.com.br\/index.php\/wp-json\/wp\/v2\/posts"}],"about":[{"href":"https:\/\/noticiasdestaque.com.br\/index.php\/wp-json\/wp\/v2\/types\/post"}],"author":[{"embeddable":true,"href":"https:\/\/noticiasdestaque.com.br\/index.php\/wp-json\/wp\/v2\/users\/1"}],"replies":[{"embeddable":true,"href":"https:\/\/noticiasdestaque.com.br\/index.php\/wp-json\/wp\/v2\/comments?post=40437"}],"version-history":[{"count":0,"href":"https:\/\/noticiasdestaque.com.br\/index.php\/wp-json\/wp\/v2\/posts\/40437\/revisions"}],"wp:featuredmedia":[{"embeddable":true,"href":"https:\/\/noticiasdestaque.com.br\/index.php\/wp-json\/wp\/v2\/media\/40438"}],"wp:attachment":[{"href":"https:\/\/noticiasdestaque.com.br\/index.php\/wp-json\/wp\/v2\/media?parent=40437"}],"wp:term":[{"taxonomy":"category","embeddable":true,"href":"https:\/\/noticiasdestaque.com.br\/index.php\/wp-json\/wp\/v2\/categories?post=40437"},{"taxonomy":"post_tag","embeddable":true,"href":"https:\/\/noticiasdestaque.com.br\/index.php\/wp-json\/wp\/v2\/tags?post=40437"}],"curies":[{"name":"wp","href":"https:\/\/api.w.org\/{rel}","templated":true}]}}