{"id":40427,"date":"2024-12-13T11:18:00","date_gmt":"2024-12-13T14:18:00","guid":{"rendered":"https:\/\/noticiasdestaque.com.br\/index.php\/2024\/12\/13\/previsao-do-tempo-sudeste-tem-ceu-com-muitas-nuvens-e-pancadas-de-chuva-isoladas-em-boa-parte-da-regiao-neste-sabado-14\/"},"modified":"2024-12-13T11:18:00","modified_gmt":"2024-12-13T14:18:00","slug":"previsao-do-tempo-sudeste-tem-ceu-com-muitas-nuvens-e-pancadas-de-chuva-isoladas-em-boa-parte-da-regiao-neste-sabado-14","status":"publish","type":"post","link":"https:\/\/noticiasdestaque.com.br\/index.php\/2024\/12\/13\/previsao-do-tempo-sudeste-tem-ceu-com-muitas-nuvens-e-pancadas-de-chuva-isoladas-em-boa-parte-da-regiao-neste-sabado-14\/","title":{"rendered":"PREVIS\u00c3O DO TEMPO: Sudeste tem c\u00e9u com muitas nuvens e pancadas de chuva isoladas em boa parte da regi\u00e3o, neste s\u00e1bado (14)"},"content":{"rendered":"<p>\t\t\t\t\t\t\t\t\t\t<audio controls class=\"b61_audio_player\" data-noticia=\"79012\" src=\"https:\/\/brasil61.com\/rails\/active_storage\/blobs\/eyJfcmFpbHMiOnsibWVzc2FnZSI6IkJBaHBBMHdhQXc9PSIsImV4cCI6bnVsbCwicHVyIjoiYmxvYl9pZCJ9fQ==--f691a7c35aa4ecfaf17a5fc29b54b292be6480e6\/PTSD243910A\"><\/audio><\/p>\n<p>Neste \u00a0s\u00e1bado (14), a regi\u00e3o Sudeste do pa\u00eds ter\u00e1 c\u00e9u com muitas nuvens e pancadas de chuva isoladas em boa parte da regi\u00e3o.<\/p>\n<p>H\u00e1 alertas de chuvas intensas e tempestades em regi\u00f5es de Minas Gerais e de S\u00e3o Paulo. No estado paulista as \u00e1reas afetadas pela tempestade ser\u00e3o: \u00a0Presidente Prudente, S\u00e3o Jos\u00e9 do Rio Preto, Mar\u00edlia e Bauru. Al\u00e9m disso, o Tri\u00e2ngulo Mineiro tamb\u00e9m deve ser afetado. Com a tempestade pode haver queda de granizo e h\u00e1 risco de corte de energia el\u00e9trica, estragos em planta\u00e7\u00f5es, queda de \u00e1rvores e alagamentos.<\/p>\n<p>A central mineira deve ser afetada por chuvas intensas, bem como a regi\u00e3o Macro Metropolitana Paulista e o litoral sul de S\u00e3o Paulo.\u00a0<\/p>\n<p>O Rio de Janeiro deve ter c\u00e9u com muitas nuvens,\u00a0pancadas de chuva e trovoadas isoladas ao longo do dia. A previs\u00e3o \u00e9 semelhante para o Esp\u00edrito Santo.\u00a0<\/p>\n<p>Entre as capitais, a temperatura m\u00ednima prevista \u00e9 de 17\u00b0C, em Belo Horizonte. J\u00e1 a m\u00e1xima pode chegar a 33\u00b0C, no Rio de Janeiro. A umidade relativa do ar varia entre 45% e 100%.<\/p>\n<p>As informa\u00e7\u00f5es s\u00e3o do Instituto Nacional de Meteorologia. \u00a0<br \/>\n\u00a0<\/p>\n<p>\t\t\t\t\t\t\t\t\t<img loading=\"lazy\" decoding=\"async\" src=\"https:\/\/brasil61.com\/api\/v1\/serve_pixel\/17677\/79012\" alt=\"Pixel Brasil 61\" class=\"b61_pixel\" width=\"0\" height=\"0\"><\/p>\n<input type=\"hidden\" id=\"baseurl\" value=\"https:\/\/noticiasdestaque.com.br\"><input type=\"hidden\" id=\"audio_nonce\" value=\"6f73a554f1\">","protected":false},"excerpt":{"rendered":"<p>H\u00e1 alertas de chuvas intensas e tempestades em regi\u00f5es de MG e de SP<\/p>\n","protected":false},"author":1,"featured_media":40428,"comment_status":"open","ping_status":"open","sticky":false,"template":"","format":"standard","meta":{"fifu_image_url":"","fifu_image_alt":"","footnotes":""},"categories":[58],"tags":[],"class_list":["post-40427","post","type-post","status-publish","format-standard","has-post-thumbnail","hentry","category-cotidiano"],"distributor_meta":false,"distributor_terms":false,"distributor_media":false,"distributor_original_site_name":"Noticias em Destaque","distributor_original_site_url":"https:\/\/noticiasdestaque.com.br","push-errors":false,"_links":{"self":[{"href":"https:\/\/noticiasdestaque.com.br\/index.php\/wp-json\/wp\/v2\/posts\/40427","targetHints":{"allow":["GET"]}}],"collection":[{"href":"https:\/\/noticiasdestaque.com.br\/index.php\/wp-json\/wp\/v2\/posts"}],"about":[{"href":"https:\/\/noticiasdestaque.com.br\/index.php\/wp-json\/wp\/v2\/types\/post"}],"author":[{"embeddable":true,"href":"https:\/\/noticiasdestaque.com.br\/index.php\/wp-json\/wp\/v2\/users\/1"}],"replies":[{"embeddable":true,"href":"https:\/\/noticiasdestaque.com.br\/index.php\/wp-json\/wp\/v2\/comments?post=40427"}],"version-history":[{"count":0,"href":"https:\/\/noticiasdestaque.com.br\/index.php\/wp-json\/wp\/v2\/posts\/40427\/revisions"}],"wp:featuredmedia":[{"embeddable":true,"href":"https:\/\/noticiasdestaque.com.br\/index.php\/wp-json\/wp\/v2\/media\/40428"}],"wp:attachment":[{"href":"https:\/\/noticiasdestaque.com.br\/index.php\/wp-json\/wp\/v2\/media?parent=40427"}],"wp:term":[{"taxonomy":"category","embeddable":true,"href":"https:\/\/noticiasdestaque.com.br\/index.php\/wp-json\/wp\/v2\/categories?post=40427"},{"taxonomy":"post_tag","embeddable":true,"href":"https:\/\/noticiasdestaque.com.br\/index.php\/wp-json\/wp\/v2\/tags?post=40427"}],"curies":[{"name":"wp","href":"https:\/\/api.w.org\/{rel}","templated":true}]}}