{"id":40413,"date":"2024-12-13T04:00:00","date_gmt":"2024-12-13T07:00:00","guid":{"rendered":"https:\/\/noticiasdestaque.com.br\/index.php\/2024\/12\/13\/dolar-avanca-e-volta-a-encerrar-acima-de-r-6\/"},"modified":"2024-12-13T04:00:00","modified_gmt":"2024-12-13T07:00:00","slug":"dolar-avanca-e-volta-a-encerrar-acima-de-r-6","status":"publish","type":"post","link":"https:\/\/noticiasdestaque.com.br\/index.php\/2024\/12\/13\/dolar-avanca-e-volta-a-encerrar-acima-de-r-6\/","title":{"rendered":"D\u00f3lar avan\u00e7a e volta a encerrar acima de R$ 6"},"content":{"rendered":"<p>\t\t\t\t\t\t\t\t\t\t<audio controls class=\"b61_audio_player\" data-noticia=\"79001\" src=\"https:\/\/brasil61.com\/rails\/active_storage\/blobs\/eyJfcmFpbHMiOnsibWVzc2FnZSI6IkJBaHBBd2dhQXc9PSIsImV4cCI6bnVsbCwicHVyIjoiYmxvYl9pZCJ9fQ==--5ce1272cc95692b41d20521a77ca04cd98e99a70\/BRAS2413163A\"><\/audio><\/p>\n<p>Ap\u00f3s encerrar a quarta-feira (11) com recuo, o d\u00f3lar encerrou a \u00faltima sess\u00e3o com avan\u00e7o de 0,69%, cotado a R$ R$ 6,0091.<\/p>\n<p>A moeda americana subiu mesmo ap\u00f3s Comit\u00ea de Pol\u00edtica Monet\u00e1ria (Copom) aumentar a taxa Selic em 1 ponto percentual, para 12,25% ao ano, e indicar dois ajustes de mesma propor\u00e7\u00e3o para as pr\u00f3ximas reuni\u00f5es.<\/p>\n<p>A alta do d\u00f3lar \u00e9 puxada, novamente, pela preocupa\u00e7\u00e3o dos investidores a respeito do pacote fiscal do governo federal sobre corte de gastos.<\/p>\n<p>O euro comercial avan\u00e7ou 0,50%, e \u00e9 cotado a R$ 6,2935.\u00a0<\/p>\n<p>\u00a0<\/p>\n<p>\t\t\t\t\t\t\t\t\t<img loading=\"lazy\" decoding=\"async\" src=\"https:\/\/brasil61.com\/api\/v1\/serve_pixel\/17677\/79001\" alt=\"Pixel Brasil 61\" class=\"b61_pixel\" width=\"0\" height=\"0\"><\/p>\n<input type=\"hidden\" id=\"baseurl\" value=\"https:\/\/noticiasdestaque.com.br\"><input type=\"hidden\" id=\"audio_nonce\" value=\"6f73a554f1\">","protected":false},"excerpt":{"rendered":"<p>Moeda americana subiu mesmo ap\u00f3s Comit\u00ea de Pol\u00edtica Monet\u00e1ria (Copom) aumentar a taxa Selic em 1 ponto percentual<\/p>\n","protected":false},"author":1,"featured_media":40414,"comment_status":"open","ping_status":"open","sticky":false,"template":"","format":"standard","meta":{"fifu_image_url":"","fifu_image_alt":"","footnotes":""},"categories":[59],"tags":[],"class_list":["post-40413","post","type-post","status-publish","format-standard","has-post-thumbnail","hentry","category-economia"],"distributor_meta":false,"distributor_terms":false,"distributor_media":false,"distributor_original_site_name":"Noticias em Destaque","distributor_original_site_url":"https:\/\/noticiasdestaque.com.br","push-errors":false,"_links":{"self":[{"href":"https:\/\/noticiasdestaque.com.br\/index.php\/wp-json\/wp\/v2\/posts\/40413","targetHints":{"allow":["GET"]}}],"collection":[{"href":"https:\/\/noticiasdestaque.com.br\/index.php\/wp-json\/wp\/v2\/posts"}],"about":[{"href":"https:\/\/noticiasdestaque.com.br\/index.php\/wp-json\/wp\/v2\/types\/post"}],"author":[{"embeddable":true,"href":"https:\/\/noticiasdestaque.com.br\/index.php\/wp-json\/wp\/v2\/users\/1"}],"replies":[{"embeddable":true,"href":"https:\/\/noticiasdestaque.com.br\/index.php\/wp-json\/wp\/v2\/comments?post=40413"}],"version-history":[{"count":0,"href":"https:\/\/noticiasdestaque.com.br\/index.php\/wp-json\/wp\/v2\/posts\/40413\/revisions"}],"wp:featuredmedia":[{"embeddable":true,"href":"https:\/\/noticiasdestaque.com.br\/index.php\/wp-json\/wp\/v2\/media\/40414"}],"wp:attachment":[{"href":"https:\/\/noticiasdestaque.com.br\/index.php\/wp-json\/wp\/v2\/media?parent=40413"}],"wp:term":[{"taxonomy":"category","embeddable":true,"href":"https:\/\/noticiasdestaque.com.br\/index.php\/wp-json\/wp\/v2\/categories?post=40413"},{"taxonomy":"post_tag","embeddable":true,"href":"https:\/\/noticiasdestaque.com.br\/index.php\/wp-json\/wp\/v2\/tags?post=40413"}],"curies":[{"name":"wp","href":"https:\/\/api.w.org\/{rel}","templated":true}]}}