{"id":40389,"date":"2024-12-11T18:00:00","date_gmt":"2024-12-11T21:00:00","guid":{"rendered":"https:\/\/noticiasdestaque.com.br\/index.php\/2024\/12\/11\/previsao-do-tempo-norte-do-brasil-deve-contar-com-chuva-em-todos-os-estados-nesta-quinta-feira-12\/"},"modified":"2024-12-11T18:00:00","modified_gmt":"2024-12-11T21:00:00","slug":"previsao-do-tempo-norte-do-brasil-deve-contar-com-chuva-em-todos-os-estados-nesta-quinta-feira-12","status":"publish","type":"post","link":"https:\/\/noticiasdestaque.com.br\/index.php\/2024\/12\/11\/previsao-do-tempo-norte-do-brasil-deve-contar-com-chuva-em-todos-os-estados-nesta-quinta-feira-12\/","title":{"rendered":"PREVIS\u00c3O DO TEMPO: Norte do Brasil deve contar com chuva em todos os estados, nesta quinta-feira (12)"},"content":{"rendered":"<p>\t\t\t\t\t\t\t\t\t\t<audio controls class=\"b61_audio_player\" data-noticia=\"78976\" src=\"https:\/\/brasil61.com\/rails\/active_storage\/blobs\/eyJfcmFpbHMiOnsibWVzc2FnZSI6IkJBaHBBNXNaQXc9PSIsImV4cCI6bnVsbCwicHVyIjoiYmxvYl9pZCJ9fQ==--8e75805cd333b00cc33a92916b17f7cedfb97eb9\/PTND244516A\"><\/audio><\/p>\n<p>A previs\u00e3o do tempo para esta quinta-feira (12) indica que, no Norte do Brasil, o dia poder\u00e1 ser de chuva em todas as unidades da federa\u00e7\u00e3o. Em todo o estado de Rond\u00f4nia e em boa parte do Amazonas, a previs\u00e3o \u00e9 de muitas nuvens, com pancadas de chuva e trovoadas isoladas.\u00a0<\/p>\n<p>J\u00e1 para o Acre, a previs\u00e3o \u00e9 de c\u00e9u com muitas nuvens e pancadas de chuva isoladas, sobretudo em cidades mais ao oeste da unidade da federa\u00e7\u00e3o, como Rodrigues Alves e M\u00e2ncio Lima. A condi\u00e7\u00e3o \u00e9 a mesma para o norte tocantinense, em munic\u00edpios como Xambio\u00e1 e Santa F\u00e9 do Araguaia.\u00a0<\/p>\n<p>Em todo o Amap\u00e1, o dia ser\u00e1 de muitas nuvens, com possibilidade de chuva isolada, principalmente em cidades do sul do estado, como Mazag\u00e3o e Laranjal do Jari. A condi\u00e7\u00e3o \u00e9 a mesma para cidades do Baixo Amazonas, no Par\u00e1, como Oriximin\u00e1 e Alenquer.\u00a0<\/p>\n<p>J\u00e1 em Roraima, haver\u00e1 pancadas de chuva do centro ao sul o estado, em cidades como Caracara\u00ed e Rorain\u00f3polis. Para o restante da unidade da federa\u00e7\u00e3o, apenas varia\u00e7\u00e3o entre muitas e poucas nuvens.\u00a0<\/p>\n<p>De acordo com o INMET, h\u00e1 perigo de chuvas intensas em \u00e1reas de todos os estados do Norte brasileiro.\u00a0<\/p>\n<p>Entre as capitais, a temperatura m\u00ednima deve chegar a 23\u00b0C, em Bel\u00e9m. J\u00e1 a m\u00e1xima prevista \u00e9 de 36\u00b0C, em Roraima. A umidade relativa do ar varia entre 60% e 98%.\u00a0<\/p>\n<p>As informa\u00e7\u00f5es s\u00e3o Instituto Nacional de Meteorologia (INMET).\u00a0<br \/>\n\u00a0<\/p>\n<p>\t\t\t\t\t\t\t\t\t<img loading=\"lazy\" decoding=\"async\" src=\"https:\/\/brasil61.com\/api\/v1\/serve_pixel\/17677\/78976\" alt=\"Pixel Brasil 61\" class=\"b61_pixel\" width=\"0\" height=\"0\"><\/p>\n<input type=\"hidden\" id=\"baseurl\" value=\"https:\/\/noticiasdestaque.com.br\"><input type=\"hidden\" id=\"audio_nonce\" value=\"6f73a554f1\">","protected":false},"excerpt":{"rendered":"<p>Em todo o Amap\u00e1, o dia ser\u00e1 de muitas nuvens, com possibilidade de chuva isolada<\/p>\n","protected":false},"author":1,"featured_media":40390,"comment_status":"open","ping_status":"open","sticky":false,"template":"","format":"standard","meta":{"fifu_image_url":"","fifu_image_alt":"","footnotes":""},"categories":[58],"tags":[],"class_list":["post-40389","post","type-post","status-publish","format-standard","has-post-thumbnail","hentry","category-cotidiano"],"distributor_meta":false,"distributor_terms":false,"distributor_media":false,"distributor_original_site_name":"Noticias em Destaque","distributor_original_site_url":"https:\/\/noticiasdestaque.com.br","push-errors":false,"_links":{"self":[{"href":"https:\/\/noticiasdestaque.com.br\/index.php\/wp-json\/wp\/v2\/posts\/40389","targetHints":{"allow":["GET"]}}],"collection":[{"href":"https:\/\/noticiasdestaque.com.br\/index.php\/wp-json\/wp\/v2\/posts"}],"about":[{"href":"https:\/\/noticiasdestaque.com.br\/index.php\/wp-json\/wp\/v2\/types\/post"}],"author":[{"embeddable":true,"href":"https:\/\/noticiasdestaque.com.br\/index.php\/wp-json\/wp\/v2\/users\/1"}],"replies":[{"embeddable":true,"href":"https:\/\/noticiasdestaque.com.br\/index.php\/wp-json\/wp\/v2\/comments?post=40389"}],"version-history":[{"count":0,"href":"https:\/\/noticiasdestaque.com.br\/index.php\/wp-json\/wp\/v2\/posts\/40389\/revisions"}],"wp:featuredmedia":[{"embeddable":true,"href":"https:\/\/noticiasdestaque.com.br\/index.php\/wp-json\/wp\/v2\/media\/40390"}],"wp:attachment":[{"href":"https:\/\/noticiasdestaque.com.br\/index.php\/wp-json\/wp\/v2\/media?parent=40389"}],"wp:term":[{"taxonomy":"category","embeddable":true,"href":"https:\/\/noticiasdestaque.com.br\/index.php\/wp-json\/wp\/v2\/categories?post=40389"},{"taxonomy":"post_tag","embeddable":true,"href":"https:\/\/noticiasdestaque.com.br\/index.php\/wp-json\/wp\/v2\/tags?post=40389"}],"curies":[{"name":"wp","href":"https:\/\/api.w.org\/{rel}","templated":true}]}}