{"id":40375,"date":"2024-12-10T18:00:00","date_gmt":"2024-12-10T21:00:00","guid":{"rendered":"https:\/\/noticiasdestaque.com.br\/index.php\/2024\/12\/10\/previsao-do-tempo-sul-tera-ceu-variando-entre-poucas-e-muitas-nuvens-nesta-quarta-feira-11\/"},"modified":"2024-12-10T18:00:00","modified_gmt":"2024-12-10T21:00:00","slug":"previsao-do-tempo-sul-tera-ceu-variando-entre-poucas-e-muitas-nuvens-nesta-quarta-feira-11","status":"publish","type":"post","link":"https:\/\/noticiasdestaque.com.br\/index.php\/2024\/12\/10\/previsao-do-tempo-sul-tera-ceu-variando-entre-poucas-e-muitas-nuvens-nesta-quarta-feira-11\/","title":{"rendered":"PREVIS\u00c3O DO TEMPO: Sul ter\u00e1 c\u00e9u variando entre poucas e muitas nuvens, nesta quarta-feira (11)"},"content":{"rendered":"<p>\t\t\t\t\t\t\t\t\t\t<audio controls class=\"b61_audio_player\" data-noticia=\"78960\" src=\"https:\/\/brasil61.com\/rails\/active_storage\/blobs\/eyJfcmFpbHMiOnsibWVzc2FnZSI6IkJBaHBBL3dZQXc9PSIsImV4cCI6bnVsbCwicHVyIjoiYmxvYl9pZCJ9fQ==--b0fad98456e93ac98ebef1ffa14657f5fc130c2b\/PTRS243789A\"><\/audio><\/p>\n<p>Nesta quarta-feira (11), a regi\u00e3o Sul do pa\u00eds ter\u00e1 c\u00e9u variando entre poucas e muitas nuvens ao longo do dia em todos os estados. H\u00e1 aviso de acumulado de chuva para os litorais de Santa Catarina e do Paran\u00e1, com grau de severidade de perigo potencial e chuva de at\u00e9 50 mm.<\/p>\n<p>As regi\u00f5es afetadas ser\u00e3o: grande Florian\u00f3polis, norte e sul catarinense, vale do itaja\u00ed, al\u00e9m da regi\u00e3o metropolitana de Curitiba.<\/p>\n<p>O alerta de acumulado de chuva tamb\u00e9m atinge a por\u00e7\u00e3o do litoral nordeste rio-grandense e a regi\u00e3o metropolitana de Porto Alegre.<\/p>\n<p>Entre as capitais, a temperatura m\u00ednima prevista \u00e9 de 14\u00b0C, em Curitiba. J\u00e1 a m\u00e1xima pode chegar a 29\u00b0C, em Porto Alegre. A umidade relativa do ar varia entre 60% e 90%.<\/p>\n<p>As informa\u00e7\u00f5es s\u00e3o do Instituto Nacional de Meteorologia. \u00a0<\/p>\n<p>\u00a0<\/p>\n<p><span>\u00a0<\/span><span>\u00a0<\/span>\u00a0<\/p>\n<p>\t\t\t\t\t\t\t\t\t<img loading=\"lazy\" decoding=\"async\" src=\"https:\/\/brasil61.com\/api\/v1\/serve_pixel\/17677\/78960\" alt=\"Pixel Brasil 61\" class=\"b61_pixel\" width=\"0\" height=\"0\"><\/p>\n<input type=\"hidden\" id=\"baseurl\" value=\"https:\/\/noticiasdestaque.com.br\"><input type=\"hidden\" id=\"audio_nonce\" value=\"6f73a554f1\">","protected":false},"excerpt":{"rendered":"<p>H\u00e1 aviso de acumulado de chuva para os litorais de SC e do PR, bem como para a por\u00e7\u00e3o do litoral nordeste do RS<\/p>\n","protected":false},"author":1,"featured_media":40376,"comment_status":"open","ping_status":"open","sticky":false,"template":"","format":"standard","meta":{"fifu_image_url":"","fifu_image_alt":"","footnotes":""},"categories":[58],"tags":[],"class_list":["post-40375","post","type-post","status-publish","format-standard","has-post-thumbnail","hentry","category-cotidiano"],"distributor_meta":false,"distributor_terms":false,"distributor_media":false,"distributor_original_site_name":"Noticias em Destaque","distributor_original_site_url":"https:\/\/noticiasdestaque.com.br","push-errors":false,"_links":{"self":[{"href":"https:\/\/noticiasdestaque.com.br\/index.php\/wp-json\/wp\/v2\/posts\/40375","targetHints":{"allow":["GET"]}}],"collection":[{"href":"https:\/\/noticiasdestaque.com.br\/index.php\/wp-json\/wp\/v2\/posts"}],"about":[{"href":"https:\/\/noticiasdestaque.com.br\/index.php\/wp-json\/wp\/v2\/types\/post"}],"author":[{"embeddable":true,"href":"https:\/\/noticiasdestaque.com.br\/index.php\/wp-json\/wp\/v2\/users\/1"}],"replies":[{"embeddable":true,"href":"https:\/\/noticiasdestaque.com.br\/index.php\/wp-json\/wp\/v2\/comments?post=40375"}],"version-history":[{"count":0,"href":"https:\/\/noticiasdestaque.com.br\/index.php\/wp-json\/wp\/v2\/posts\/40375\/revisions"}],"wp:featuredmedia":[{"embeddable":true,"href":"https:\/\/noticiasdestaque.com.br\/index.php\/wp-json\/wp\/v2\/media\/40376"}],"wp:attachment":[{"href":"https:\/\/noticiasdestaque.com.br\/index.php\/wp-json\/wp\/v2\/media?parent=40375"}],"wp:term":[{"taxonomy":"category","embeddable":true,"href":"https:\/\/noticiasdestaque.com.br\/index.php\/wp-json\/wp\/v2\/categories?post=40375"},{"taxonomy":"post_tag","embeddable":true,"href":"https:\/\/noticiasdestaque.com.br\/index.php\/wp-json\/wp\/v2\/tags?post=40375"}],"curies":[{"name":"wp","href":"https:\/\/api.w.org\/{rel}","templated":true}]}}