{"id":40361,"date":"2024-11-22T00:02:00","date_gmt":"2024-11-22T03:02:00","guid":{"rendered":"https:\/\/noticiasdestaque.com.br\/index.php\/2024\/11\/22\/geologos-poderao-ter-titulos-de-engenheiros-geologicos\/"},"modified":"2024-11-22T00:02:00","modified_gmt":"2024-11-22T03:02:00","slug":"geologos-poderao-ter-titulos-de-engenheiros-geologicos","status":"publish","type":"post","link":"https:\/\/noticiasdestaque.com.br\/index.php\/2024\/11\/22\/geologos-poderao-ter-titulos-de-engenheiros-geologicos\/","title":{"rendered":"Ge\u00f3logos poder\u00e3o ter t\u00edtulos de engenheiros geol\u00f3gicos"},"content":{"rendered":"<p>\t\t\t\t\t\t\t\t\t\t<audio controls class=\"b61_audio_player\" data-noticia=\"78628\" src=\"https:\/\/brasil61.com\/rails\/active_storage\/blobs\/eyJfcmFpbHMiOnsibWVzc2FnZSI6IkJBaHBBMElUQXc9PSIsImV4cCI6bnVsbCwicHVyIjoiYmxvYl9pZCJ9fQ==--f442a1c3b68ad1111451aaba98d774600f605818\/BRAS2413045A\"><\/audio><\/p>\n<p>Uma nova lei sancionada esta semana pelo presidente Lula\u00a0permite que ge\u00f3logos tenham o mesmo t\u00edtulo de engenheiros geol\u00f3gicos. Assim, profissionais das duas carreiras, que antes tinham tratamento diferenciado, passam a ter isonomia. A conquista veio depois do entendimento de que a geologia \u00e9 um ramo da engenharia, j\u00e1 que as mesmas diretrizes s\u00e3o aplicadas na forma\u00e7\u00e3o acad\u00eamica desses profissionais, sem haver distin\u00e7\u00f5es na estrutura dos cursos superiores.\u00a0<\/p>\n<p>Com origem no projeto do deputado federal Reinhold Stephanes (PSD-PR), o texto de relatoria do senador Humberto Costa (PT-PE)\u00a0foi aprovado no m\u00eas passado no Senado. Ele defendeu a isonomia no tratamento dos profissionais.<\/p>\n<p>\u201cEle vem corrigir uma injusti\u00e7a porque, na verdade, os ge\u00f3logos t\u00eam o mesmo n\u00edvel de forma\u00e7\u00e3o, a mesma capacita\u00e7\u00e3o profissional e, no entanto, para efeito de v\u00e1rios aspectos do trabalho profissional, eles n\u00e3o t\u00eam os mesmos direitos\u201d, defendeu o parlamentar.\u00a0<\/p>\n<p>Com a san\u00e7\u00e3o da lei, os rec\u00e9m-formados em geologia poder\u00e3o pedir o registro no Conselho Regional de Engenharia e Agronomia (CREA).\u00a0<br \/>\n\u00a0<\/p>\n<p>\t\t\t\t\t\t\t\t\t<img loading=\"lazy\" decoding=\"async\" src=\"https:\/\/brasil61.com\/api\/v1\/serve_pixel\/17677\/78628\" alt=\"Pixel Brasil 61\" class=\"b61_pixel\" width=\"0\" height=\"0\"><\/p>\n<input type=\"hidden\" id=\"baseurl\" value=\"https:\/\/noticiasdestaque.com.br\"><input type=\"hidden\" id=\"audio_nonce\" value=\"9fd43fe80e\">","protected":false},"excerpt":{"rendered":"<p>Formandos em geologia poder\u00e3o pedir o registro no Conselho Regional de Engenharia e Agronomia (CREA)<\/p>\n","protected":false},"author":1,"featured_media":40362,"comment_status":"open","ping_status":"open","sticky":false,"template":"","format":"standard","meta":{"fifu_image_url":"","fifu_image_alt":"","footnotes":""},"categories":[48],"tags":[],"class_list":["post-40361","post","type-post","status-publish","format-standard","has-post-thumbnail","hentry","category-mundo"],"distributor_meta":false,"distributor_terms":false,"distributor_media":false,"distributor_original_site_name":"Noticias em Destaque","distributor_original_site_url":"https:\/\/noticiasdestaque.com.br","push-errors":false,"_links":{"self":[{"href":"https:\/\/noticiasdestaque.com.br\/index.php\/wp-json\/wp\/v2\/posts\/40361","targetHints":{"allow":["GET"]}}],"collection":[{"href":"https:\/\/noticiasdestaque.com.br\/index.php\/wp-json\/wp\/v2\/posts"}],"about":[{"href":"https:\/\/noticiasdestaque.com.br\/index.php\/wp-json\/wp\/v2\/types\/post"}],"author":[{"embeddable":true,"href":"https:\/\/noticiasdestaque.com.br\/index.php\/wp-json\/wp\/v2\/users\/1"}],"replies":[{"embeddable":true,"href":"https:\/\/noticiasdestaque.com.br\/index.php\/wp-json\/wp\/v2\/comments?post=40361"}],"version-history":[{"count":0,"href":"https:\/\/noticiasdestaque.com.br\/index.php\/wp-json\/wp\/v2\/posts\/40361\/revisions"}],"wp:featuredmedia":[{"embeddable":true,"href":"https:\/\/noticiasdestaque.com.br\/index.php\/wp-json\/wp\/v2\/media\/40362"}],"wp:attachment":[{"href":"https:\/\/noticiasdestaque.com.br\/index.php\/wp-json\/wp\/v2\/media?parent=40361"}],"wp:term":[{"taxonomy":"category","embeddable":true,"href":"https:\/\/noticiasdestaque.com.br\/index.php\/wp-json\/wp\/v2\/categories?post=40361"},{"taxonomy":"post_tag","embeddable":true,"href":"https:\/\/noticiasdestaque.com.br\/index.php\/wp-json\/wp\/v2\/tags?post=40361"}],"curies":[{"name":"wp","href":"https:\/\/api.w.org\/{rel}","templated":true}]}}