{"id":40354,"date":"2024-11-21T00:03:00","date_gmt":"2024-11-21T03:03:00","guid":{"rendered":"https:\/\/noticiasdestaque.com.br\/index.php\/2024\/11\/21\/radio-faz-parte-do-cotidiano-de-79-da-populacao-brasileira-diz-pesquisa\/"},"modified":"2024-11-21T00:03:00","modified_gmt":"2024-11-21T03:03:00","slug":"radio-faz-parte-do-cotidiano-de-79-da-populacao-brasileira-diz-pesquisa","status":"publish","type":"post","link":"https:\/\/noticiasdestaque.com.br\/index.php\/2024\/11\/21\/radio-faz-parte-do-cotidiano-de-79-da-populacao-brasileira-diz-pesquisa\/","title":{"rendered":"R\u00e1dio faz parte do cotidiano de 79% da popula\u00e7\u00e3o brasileira, diz pesquisa"},"content":{"rendered":"<p>\t\t\t\t\t\t\t\t\t\t<audio controls class=\"b61_audio_player\" data-noticia=\"78597\" src=\"https:\/\/brasil61.com\/rails\/active_storage\/blobs\/eyJfcmFpbHMiOnsibWVzc2FnZSI6IkJBaHBBK2tTQXc9PSIsImV4cCI6bnVsbCwicHVyIjoiYmxvYl9pZCJ9fQ==--a282d964068ebb45b95e715666399f7603f64d47\/BRAS2413035A\"><\/audio><\/p>\n<p>Em um mundo em que os v\u00eddeos verticais curtos fascinam os usu\u00e1rios das redes sociais, ouvir r\u00e1dio ainda\u00a0faz parte do cotidiano de 79% da popula\u00e7\u00e3o brasileira \u2013 segundo o estudo <a href=\"https:\/\/kantaribopemedia.com\/inside-audio-2024\/?submissionGuid=774324ce-896c-4e42-87ba-d13db12afcf3\" target=\"_blank\">Inside Audio 2024<\/a>,\u00a0feito pela Kantar IBOPE Media. A pesquisa mostra, ainda, que 91% dos brasileiros consomem algum conte\u00fado de \u00e1udio no dia a dia.\u00a0<\/p>\n<p>Nesse cen\u00e1rio, os dados apontam, portanto, que nove em cada 10 brasileiros t\u00eam contato di\u00e1rio com algum tipo de conte\u00fado em \u00e1udio, seja por meio do r\u00e1dio, de podcasts ou das plataformas de streaming. O levantamento refor\u00e7a a relev\u00e2ncia do r\u00e1dio e das plataformas digitais na rotina dos brasileiros.\u00a0<\/p>\n<p>O consumo desse formato de m\u00eddia ocorre em casa, em deslocamentos ou at\u00e9 na realiza\u00e7\u00e3o de atividade f\u00edsica. Al\u00e9m disso, 69% dos ouvintes gostam do r\u00e1dio pelo fato de o meio trazer informa\u00e7\u00f5es locais da cidade em que vivem \u2013 bem como por sua confiabilidade, tendo em vista que 50% dos consumidores destacam que a credibilidade do meio \u00e9 refor\u00e7ada a partir da percep\u00e7\u00e3o de que as informa\u00e7\u00f5es veiculadas s\u00e3o confi\u00e1veis.\u00a0<\/p>\n<p>De acordo com o Kantar IBOPE Media, os dados demonstram que o r\u00e1dio se consolida como o principal meio de \u00e1udio no Brasil, pelo expressivo alcance da popula\u00e7\u00e3o.<\/p>\n<p>Confira demais dados da pesquisa:<\/p>\n<ul>\n<li>os brasileiros dedicam, em m\u00e9dia, 3 horas e 55 minutos por dia \u00e0 escuta do r\u00e1dio;<\/li>\n<li>a m\u00eddia demonstra forte apelo local, com 69% dos ouvintes buscando ouvir informa\u00e7\u00f5es sobre suas cidades;<\/li>\n<li>77% reconhecem a agilidade da m\u00eddia, como fonte r\u00e1pida de informa\u00e7\u00e3o e<\/li>\n<li>58% confiam no r\u00e1dio para se manterem informados.<\/li>\n<\/ul>\n<p>Em rela\u00e7\u00e3o \u00e0 escolha de consumir podcasts, foi observada uma ascens\u00e3o, tendo em vista que 43% dos ouvintes de r\u00e1dio destacam que escutaram podcasts nos \u00faltimos tr\u00eas meses, sendo que 48% assinalou consumo de conte\u00fados semanalmente. Os temas mais populares, tanto em podcasts quanto no r\u00e1dio, incluem com\u00e9dia (31%), m\u00fasica (31%), esportes (24%), educa\u00e7\u00e3o (22%) e not\u00edcias (22%).<\/p>\n<p>Entre os ouvintes de r\u00e1dio, 78% sintonizam conte\u00fado das emissoras nas esta\u00e7\u00f5es AM e FM, 28% acessam pelo YouTube (seja em formato apenas de \u00e1udio ou transmiss\u00e3o ao vivo com imagem)\u00a0e 12% dos ouvintes declaram acompanhar por meio de servi\u00e7os de streaming de \u00e1udio.<\/p>\n<h2>Pra\u00e7as regionais<\/h2>\n<p>Dentre as 13 pra\u00e7as que fazem parte da pesquisa pelo pa\u00eds, a que dedica mais tempo \u00e0 m\u00eddia \u00e9 a Grande Rio de Janeiro, com 4h22 em m\u00e9dia. \u00a0J\u00e1 a regi\u00e3o metropolitana de Vit\u00f3ria ficou em segundo lugar, com 3h57min54 em m\u00e9dia. Recife ficou em terceiro lugar, com 3h57min43.<\/p>\n<p>Confira o ranking nacional por tempo m\u00e9dio de consumo (sendo 13 pra\u00e7as):<\/p>\n<p><img decoding=\"async\" style=\"width:100%\" alt=\"\" src=\"https:\/\/noticiasdestaque.com.br\/wp-content\/uploads\/2024\/12\/Rdiofazpartedocotidianode79dapopulaobrasileiradizpesquisa_0992327001733893370.png\" \/><br \/>\n\u00a0<\/p>\n<p>\t\t\t\t\t\t\t\t\t<img loading=\"lazy\" decoding=\"async\" src=\"https:\/\/brasil61.com\/api\/v1\/serve_pixel\/17677\/78597\" alt=\"Pixel Brasil 61\" class=\"b61_pixel\" width=\"0\" height=\"0\"><\/p>\n<input type=\"hidden\" id=\"baseurl\" value=\"https:\/\/noticiasdestaque.com.br\"><input type=\"hidden\" id=\"audio_nonce\" value=\"9fd43fe80e\">","protected":false},"excerpt":{"rendered":"<p>Estudo Inside Audio 2024 feito pela Kantar IBOPE Media aponta que 69% dos ouvintes gostam de se conectar ao meio por ele trazer informa\u00e7\u00f5es locais da cidade em que vivem e por seu car\u00e1ter confi\u00e1vel<\/p>\n","protected":false},"author":1,"featured_media":40355,"comment_status":"open","ping_status":"open","sticky":false,"template":"","format":"standard","meta":{"fifu_image_url":"","fifu_image_alt":"","footnotes":""},"categories":[48],"tags":[],"class_list":["post-40354","post","type-post","status-publish","format-standard","has-post-thumbnail","hentry","category-mundo"],"distributor_meta":false,"distributor_terms":false,"distributor_media":false,"distributor_original_site_name":"Noticias em Destaque","distributor_original_site_url":"https:\/\/noticiasdestaque.com.br","push-errors":false,"_links":{"self":[{"href":"https:\/\/noticiasdestaque.com.br\/index.php\/wp-json\/wp\/v2\/posts\/40354","targetHints":{"allow":["GET"]}}],"collection":[{"href":"https:\/\/noticiasdestaque.com.br\/index.php\/wp-json\/wp\/v2\/posts"}],"about":[{"href":"https:\/\/noticiasdestaque.com.br\/index.php\/wp-json\/wp\/v2\/types\/post"}],"author":[{"embeddable":true,"href":"https:\/\/noticiasdestaque.com.br\/index.php\/wp-json\/wp\/v2\/users\/1"}],"replies":[{"embeddable":true,"href":"https:\/\/noticiasdestaque.com.br\/index.php\/wp-json\/wp\/v2\/comments?post=40354"}],"version-history":[{"count":0,"href":"https:\/\/noticiasdestaque.com.br\/index.php\/wp-json\/wp\/v2\/posts\/40354\/revisions"}],"wp:featuredmedia":[{"embeddable":true,"href":"https:\/\/noticiasdestaque.com.br\/index.php\/wp-json\/wp\/v2\/media\/40355"}],"wp:attachment":[{"href":"https:\/\/noticiasdestaque.com.br\/index.php\/wp-json\/wp\/v2\/media?parent=40354"}],"wp:term":[{"taxonomy":"category","embeddable":true,"href":"https:\/\/noticiasdestaque.com.br\/index.php\/wp-json\/wp\/v2\/categories?post=40354"},{"taxonomy":"post_tag","embeddable":true,"href":"https:\/\/noticiasdestaque.com.br\/index.php\/wp-json\/wp\/v2\/tags?post=40354"}],"curies":[{"name":"wp","href":"https:\/\/api.w.org\/{rel}","templated":true}]}}