{"id":40343,"date":"2024-12-09T18:00:00","date_gmt":"2024-12-09T21:00:00","guid":{"rendered":"https:\/\/noticiasdestaque.com.br\/index.php\/2024\/12\/09\/previsao-do-tempo-sudeste-intercala-entre-ceu-nublado-e-com-muitas-nuvens-nesta-terca-feira-10\/"},"modified":"2024-12-09T18:00:00","modified_gmt":"2024-12-09T21:00:00","slug":"previsao-do-tempo-sudeste-intercala-entre-ceu-nublado-e-com-muitas-nuvens-nesta-terca-feira-10","status":"publish","type":"post","link":"https:\/\/noticiasdestaque.com.br\/index.php\/2024\/12\/09\/previsao-do-tempo-sudeste-intercala-entre-ceu-nublado-e-com-muitas-nuvens-nesta-terca-feira-10\/","title":{"rendered":"PREVIS\u00c3O DO TEMPO: Sudeste intercala entre c\u00e9u nublado e com muitas nuvens, nesta ter\u00e7a-feira (10)"},"content":{"rendered":"<p>\t\t\t\t\t\t\t\t\t\t<audio controls class=\"b61_audio_player\" data-noticia=\"78943\" src=\"https:\/\/brasil61.com\/rails\/active_storage\/blobs\/eyJfcmFpbHMiOnsibWVzc2FnZSI6IkJBaHBBOVlZQXc9PSIsImV4cCI6bnVsbCwicHVyIjoiYmxvYl9pZCJ9fQ==--427c3e85b2e193a606bd803c024dd154dac9f43a\/PTSD243906A\"><\/audio><\/p>\n<p>Nesta ter\u00e7a-feira (10), a regi\u00e3o Sudeste do pa\u00eds ter\u00e1 c\u00e9u nublado com pancadas de chuva e trovoadas isoladas em S\u00e3o Paulo e no Rio de Janeiro. Para S\u00e3o Paulo h\u00e1 alerta de chuvas intensas com grau de severidade de perigo pela manh\u00e3. H\u00e1 risco de corte de energia el\u00e9trica, queda de galhos de \u00e1rvores, alagamentos e de descargas el\u00e9tricas.<\/p>\n<p>J\u00e1 para o Rio de Janeiro o grau de severidade do alerta \u00e9 de perigo potencial e s\u00f3 n\u00e3o afeta o litoral. O alerta se estende para as regi\u00f5es mineiras sul, sudeste e oeste, bem como para o Tri\u00e2ngulo Mineiro.<\/p>\n<p>Esp\u00edrito Santo deve ter c\u00e9u variando entre poucas e muitas nuvens, com chuva intensa prevista para o sul do estado.\u00a0<\/p>\n<p>Entre as capitais, a temperatura m\u00ednima prevista \u00e9 de 19\u00b0C, em S\u00e3o Paulo. J\u00e1 a m\u00e1xima pode chegar a 36\u00b0C, em Vit\u00f3ria. A umidade relativa do ar varia entre 25% e 90%.<\/p>\n<p>As informa\u00e7\u00f5es s\u00e3o do Instituto Nacional de Meteorologia. \u00a0<br \/>\n\u00a0<\/p>\n<p>\t\t\t\t\t\t\t\t\t<img loading=\"lazy\" decoding=\"async\" src=\"https:\/\/brasil61.com\/api\/v1\/serve_pixel\/17677\/78943\" alt=\"Pixel Brasil 61\" class=\"b61_pixel\" width=\"0\" height=\"0\"><\/p>\n<input type=\"hidden\" id=\"baseurl\" value=\"https:\/\/noticiasdestaque.com.br\"><input type=\"hidden\" id=\"audio_nonce\" value=\"6f73a554f1\">","protected":false},"excerpt":{"rendered":"<p> Para SP e RJ h\u00e1 alerta de chuvas intensas<\/p>\n","protected":false},"author":1,"featured_media":40344,"comment_status":"open","ping_status":"open","sticky":false,"template":"","format":"standard","meta":{"fifu_image_url":"","fifu_image_alt":"","footnotes":""},"categories":[58],"tags":[],"class_list":["post-40343","post","type-post","status-publish","format-standard","has-post-thumbnail","hentry","category-cotidiano"],"distributor_meta":false,"distributor_terms":false,"distributor_media":false,"distributor_original_site_name":"Noticias em Destaque","distributor_original_site_url":"https:\/\/noticiasdestaque.com.br","push-errors":false,"_links":{"self":[{"href":"https:\/\/noticiasdestaque.com.br\/index.php\/wp-json\/wp\/v2\/posts\/40343","targetHints":{"allow":["GET"]}}],"collection":[{"href":"https:\/\/noticiasdestaque.com.br\/index.php\/wp-json\/wp\/v2\/posts"}],"about":[{"href":"https:\/\/noticiasdestaque.com.br\/index.php\/wp-json\/wp\/v2\/types\/post"}],"author":[{"embeddable":true,"href":"https:\/\/noticiasdestaque.com.br\/index.php\/wp-json\/wp\/v2\/users\/1"}],"replies":[{"embeddable":true,"href":"https:\/\/noticiasdestaque.com.br\/index.php\/wp-json\/wp\/v2\/comments?post=40343"}],"version-history":[{"count":0,"href":"https:\/\/noticiasdestaque.com.br\/index.php\/wp-json\/wp\/v2\/posts\/40343\/revisions"}],"wp:featuredmedia":[{"embeddable":true,"href":"https:\/\/noticiasdestaque.com.br\/index.php\/wp-json\/wp\/v2\/media\/40344"}],"wp:attachment":[{"href":"https:\/\/noticiasdestaque.com.br\/index.php\/wp-json\/wp\/v2\/media?parent=40343"}],"wp:term":[{"taxonomy":"category","embeddable":true,"href":"https:\/\/noticiasdestaque.com.br\/index.php\/wp-json\/wp\/v2\/categories?post=40343"},{"taxonomy":"post_tag","embeddable":true,"href":"https:\/\/noticiasdestaque.com.br\/index.php\/wp-json\/wp\/v2\/tags?post=40343"}],"curies":[{"name":"wp","href":"https:\/\/api.w.org\/{rel}","templated":true}]}}