{"id":40331,"date":"2024-12-08T18:46:00","date_gmt":"2024-12-08T21:46:00","guid":{"rendered":"https:\/\/noticiasdestaque.com.br\/index.php\/2024\/12\/08\/previsao-do-tempo-muitas-nuvens-com-pancadas-de-chuva-no-norte-nesta-segunda-feira-9\/"},"modified":"2024-12-08T18:46:00","modified_gmt":"2024-12-08T21:46:00","slug":"previsao-do-tempo-muitas-nuvens-com-pancadas-de-chuva-no-norte-nesta-segunda-feira-9","status":"publish","type":"post","link":"https:\/\/noticiasdestaque.com.br\/index.php\/2024\/12\/08\/previsao-do-tempo-muitas-nuvens-com-pancadas-de-chuva-no-norte-nesta-segunda-feira-9\/","title":{"rendered":"PREVIS\u00c3O DO TEMPO: Muitas nuvens com pancadas de chuva no Norte, nesta segunda-feira (9)"},"content":{"rendered":"<p>\t\t\t\t\t\t\t\t\t\t<audio controls class=\"b61_audio_player\" data-noticia=\"78934\" src=\"https:\/\/brasil61.com\/rails\/active_storage\/blobs\/eyJfcmFpbHMiOnsibWVzc2FnZSI6IkJBaHBBNnNZQXc9PSIsImV4cCI6bnVsbCwicHVyIjoiYmxvYl9pZCJ9fQ==--417f7735ca8879fafd6ee742765f6e5f6f3c766f\/PTRN244271A\"><\/audio><\/p>\n<p>Predom\u00ednio de muitas nuvens com pancadas de chuva isoladas na regi\u00e3o Norte, nesta segunda-feira (9). A exce\u00e7\u00e3o fica por conta do norte de Roraima, onde n\u00e3o deve chover.<\/p>\n<p>O alerta de chuvas intensas, emitido pelo Instituto Nacional de Meteorologia, Inmet, ainda vale para a manh\u00e3 desta segunda. Previs\u00e3o de chuvas com volumes entre 20 e 30 mm\/h para as seguintes \u00e1reas: Vale do Juru\u00e1 e Vale do Acre; Madeira-Guapor\u00e9 e Leste Rondoniense; e para o Norte, Centro, Sudoeste e Sul amazonenses.<\/p>\n<p>Entre as capitais, temperaturas m\u00ednimas de 23\u00baC em Macap\u00e1 (AC) e de 24\u00baC em Porto Velho (RO), Rio Branco (AC) e Manaus (AM). Temperaturas m\u00e1ximas de 33\u00baC \u00a0em Bel\u00e9m (PA) e de 35\u00baC em Boa Vista (RR) e Palmas (TO).<\/p>\n<p>As informa\u00e7\u00f5es s\u00e3o do Instituto Nacional de Meteorologia.<br \/>\n\u00a0<\/p>\n<p>\t\t\t\t\t\t\t\t\t<img loading=\"lazy\" decoding=\"async\" src=\"https:\/\/brasil61.com\/api\/v1\/serve_pixel\/17677\/78934\" alt=\"Pixel Brasil 61\" class=\"b61_pixel\" width=\"0\" height=\"0\"><\/p>\n<input type=\"hidden\" id=\"baseurl\" value=\"https:\/\/noticiasdestaque.com.br\"><input type=\"hidden\" id=\"audio_nonce\" value=\"6f73a554f1\">","protected":false},"excerpt":{"rendered":"<p>A exce\u00e7\u00e3o fica por conta do norte de Roraima, onde n\u00e3o deve chover.<\/p>\n","protected":false},"author":1,"featured_media":40332,"comment_status":"open","ping_status":"open","sticky":false,"template":"","format":"standard","meta":{"fifu_image_url":"","fifu_image_alt":"","footnotes":""},"categories":[58],"tags":[],"class_list":["post-40331","post","type-post","status-publish","format-standard","has-post-thumbnail","hentry","category-cotidiano"],"distributor_meta":false,"distributor_terms":false,"distributor_media":false,"distributor_original_site_name":"Noticias em Destaque","distributor_original_site_url":"https:\/\/noticiasdestaque.com.br","push-errors":false,"_links":{"self":[{"href":"https:\/\/noticiasdestaque.com.br\/index.php\/wp-json\/wp\/v2\/posts\/40331","targetHints":{"allow":["GET"]}}],"collection":[{"href":"https:\/\/noticiasdestaque.com.br\/index.php\/wp-json\/wp\/v2\/posts"}],"about":[{"href":"https:\/\/noticiasdestaque.com.br\/index.php\/wp-json\/wp\/v2\/types\/post"}],"author":[{"embeddable":true,"href":"https:\/\/noticiasdestaque.com.br\/index.php\/wp-json\/wp\/v2\/users\/1"}],"replies":[{"embeddable":true,"href":"https:\/\/noticiasdestaque.com.br\/index.php\/wp-json\/wp\/v2\/comments?post=40331"}],"version-history":[{"count":0,"href":"https:\/\/noticiasdestaque.com.br\/index.php\/wp-json\/wp\/v2\/posts\/40331\/revisions"}],"wp:featuredmedia":[{"embeddable":true,"href":"https:\/\/noticiasdestaque.com.br\/index.php\/wp-json\/wp\/v2\/media\/40332"}],"wp:attachment":[{"href":"https:\/\/noticiasdestaque.com.br\/index.php\/wp-json\/wp\/v2\/media?parent=40331"}],"wp:term":[{"taxonomy":"category","embeddable":true,"href":"https:\/\/noticiasdestaque.com.br\/index.php\/wp-json\/wp\/v2\/categories?post=40331"},{"taxonomy":"post_tag","embeddable":true,"href":"https:\/\/noticiasdestaque.com.br\/index.php\/wp-json\/wp\/v2\/tags?post=40331"}],"curies":[{"name":"wp","href":"https:\/\/api.w.org\/{rel}","templated":true}]}}