{"id":40327,"date":"2024-12-10T02:22:00","date_gmt":"2024-12-10T05:22:00","guid":{"rendered":"https:\/\/noticiasdestaque.com.br\/index.php\/2024\/12\/10\/em-alta-dolar-fecha-ultima-sessao-a-r-608\/"},"modified":"2024-12-10T02:22:00","modified_gmt":"2024-12-10T05:22:00","slug":"em-alta-dolar-fecha-ultima-sessao-a-r-608","status":"publish","type":"post","link":"https:\/\/noticiasdestaque.com.br\/index.php\/2024\/12\/10\/em-alta-dolar-fecha-ultima-sessao-a-r-608\/","title":{"rendered":"Em alta, d\u00f3lar fecha \u00faltima sess\u00e3o a R$ 6,08"},"content":{"rendered":"<p>\t\t\t\t\t\t\t\t\t\t<audio controls class=\"b61_audio_player\" data-noticia=\"78949\" src=\"https:\/\/brasil61.com\/rails\/active_storage\/blobs\/eyJfcmFpbHMiOnsibWVzc2FnZSI6IkJBaHBBOThZQXc9PSIsImV4cCI6bnVsbCwicHVyIjoiYmxvYl9pZCJ9fQ==--037d6536c22039e2b7dce65922842a6a20f6c84c\/BRAS2413146A\"><\/audio><\/p>\n<p>O d\u00f3lar americano fechou a \u00faltima sess\u00e3o cotado a R$ 6,08, ap\u00f3s alta de 0,18%. J\u00e1 o euro encerrou a R$ 6,42.<\/p>\n<p>Na avalia\u00e7\u00e3o de analistas do mercado financeiro, a perda de valor da moeda brasileira reagiu \u00e0 piora das expectativas de infla\u00e7\u00e3o para os pr\u00f3ximos anos, divulgada pelo Boletim Focus, do Banco Central.\u00a0<\/p>\n<p>Outro fator que contribuiu para a desvaloriza\u00e7\u00e3o do real foi a decis\u00e3o do ministro do Supremo Tribunal Federal, Fl\u00e1vio Dino, de ter rejeitado o pedido de reconsidera\u00e7\u00e3o da Advocacia-Geral da Uni\u00e3o sobre trechos da decis\u00e3o que liberou a retomada do pagamento das emendas parlamentares.<\/p>\n<p>Os dados s\u00e3o da Companhia Morningstar.\u00a0<br \/>\n\u00a0<\/p>\n<p>\t\t\t\t\t\t\t\t\t<img loading=\"lazy\" decoding=\"async\" src=\"https:\/\/brasil61.com\/api\/v1\/serve_pixel\/17677\/78949\" alt=\"Pixel Brasil 61\" class=\"b61_pixel\" width=\"0\" height=\"0\"><\/p>\n<input type=\"hidden\" id=\"baseurl\" value=\"https:\/\/noticiasdestaque.com.br\"><input type=\"hidden\" id=\"audio_nonce\" value=\"6f73a554f1\">","protected":false},"excerpt":{"rendered":"<p>A perda de valor da moeda brasileira reagiu \u00e0 piora das expectativas de infla\u00e7\u00e3o para os pr\u00f3ximos anos, divulgada pelo Boletim Focus, do Banco Central<\/p>\n","protected":false},"author":1,"featured_media":40328,"comment_status":"open","ping_status":"open","sticky":false,"template":"","format":"standard","meta":{"fifu_image_url":"","fifu_image_alt":"","footnotes":""},"categories":[59],"tags":[],"class_list":["post-40327","post","type-post","status-publish","format-standard","has-post-thumbnail","hentry","category-economia"],"distributor_meta":false,"distributor_terms":false,"distributor_media":false,"distributor_original_site_name":"Noticias em Destaque","distributor_original_site_url":"https:\/\/noticiasdestaque.com.br","push-errors":false,"_links":{"self":[{"href":"https:\/\/noticiasdestaque.com.br\/index.php\/wp-json\/wp\/v2\/posts\/40327","targetHints":{"allow":["GET"]}}],"collection":[{"href":"https:\/\/noticiasdestaque.com.br\/index.php\/wp-json\/wp\/v2\/posts"}],"about":[{"href":"https:\/\/noticiasdestaque.com.br\/index.php\/wp-json\/wp\/v2\/types\/post"}],"author":[{"embeddable":true,"href":"https:\/\/noticiasdestaque.com.br\/index.php\/wp-json\/wp\/v2\/users\/1"}],"replies":[{"embeddable":true,"href":"https:\/\/noticiasdestaque.com.br\/index.php\/wp-json\/wp\/v2\/comments?post=40327"}],"version-history":[{"count":0,"href":"https:\/\/noticiasdestaque.com.br\/index.php\/wp-json\/wp\/v2\/posts\/40327\/revisions"}],"wp:featuredmedia":[{"embeddable":true,"href":"https:\/\/noticiasdestaque.com.br\/index.php\/wp-json\/wp\/v2\/media\/40328"}],"wp:attachment":[{"href":"https:\/\/noticiasdestaque.com.br\/index.php\/wp-json\/wp\/v2\/media?parent=40327"}],"wp:term":[{"taxonomy":"category","embeddable":true,"href":"https:\/\/noticiasdestaque.com.br\/index.php\/wp-json\/wp\/v2\/categories?post=40327"},{"taxonomy":"post_tag","embeddable":true,"href":"https:\/\/noticiasdestaque.com.br\/index.php\/wp-json\/wp\/v2\/tags?post=40327"}],"curies":[{"name":"wp","href":"https:\/\/api.w.org\/{rel}","templated":true}]}}