{"id":40319,"date":"2024-12-07T00:02:00","date_gmt":"2024-12-07T03:02:00","guid":{"rendered":"https:\/\/noticiasdestaque.com.br\/index.php\/2024\/12\/07\/basa-apresenta-na-cop29-iniciativas-para-fomentar-atividades-da-agricultura-familiar-e-do-pequeno-empreendedor\/"},"modified":"2024-12-07T00:02:00","modified_gmt":"2024-12-07T03:02:00","slug":"basa-apresenta-na-cop29-iniciativas-para-fomentar-atividades-da-agricultura-familiar-e-do-pequeno-empreendedor","status":"publish","type":"post","link":"https:\/\/noticiasdestaque.com.br\/index.php\/2024\/12\/07\/basa-apresenta-na-cop29-iniciativas-para-fomentar-atividades-da-agricultura-familiar-e-do-pequeno-empreendedor\/","title":{"rendered":"BASA apresenta na COP29 iniciativas para fomentar atividades da agricultura familiar e do pequeno empreendedor"},"content":{"rendered":"<p>\t\t\t\t\t\t\t\t\t\t<audio controls class=\"b61_audio_player\" data-noticia=\"78918\" src=\"https:\/\/brasil61.com\/rails\/active_storage\/blobs\/eyJfcmFpbHMiOnsibWVzc2FnZSI6IkJBaHBBMnNZQXc9PSIsImV4cCI6bnVsbCwicHVyIjoiYmxvYl9pZCJ9fQ==--9701f2417cc5e9a105b441fe386db8726c2186dd\/BASA240026A\"><\/audio><\/p>\n<p>Com o intuito de contribuir para o desenvolvimento sustent\u00e1vel na Amaz\u00f4nia Legal, o Banco da Amaz\u00f4nia <a href=\"https:\/\/www.bancoamazonia.com.br\/\" target=\"_blank\">(BASA)<\/a> apresentou durante a COP 29 \u2013 realizada no fim de novembro em Baku, no Azerbaij\u00e3o \u2013 uma gama de iniciativas para atender, por meio do microcr\u00e9dito, a agricultura familiar e o pequeno empreendedor. Al\u00e9m disso, a institui\u00e7\u00e3o financeira detalhou formas de investimento em infraestrutura na regi\u00e3o, assim como na agroind\u00fastria, entre outras \u00e1reas.\u00a0<\/p>\n<p>Para atender ao pequeno produtor rural, por exemplo, o BASA atua por meio do Programa Nacional de Fortalecimento da Agricultura Familiar <a href=\"https:\/\/www.bancoamazonia.com.br\/linhas-de-credito-do-pronaf\" target=\"_blank\">(PRONAF)<\/a>, que \u00e9 dividido em v\u00e1rias categorias. Uma delas \u00e9 o chamado PRONAF A, que visa fomentar fam\u00edlias agricultoras que pretendem ampliar ou modernizar o pr\u00f3prio neg\u00f3cio. Nesse caso, as taxas de juros s\u00e3o de 0,5% ao ano e o prazo de pagamento pode ser de at\u00e9 10 anos.<\/p>\n<p><a href=\"https:\/\/brasil61.com\/n\/basa-estima-aplicar-r-10-bi-em-linha-de-credito-para-projetos-sustentaveis-nos-proximos-4-anos-basa240025\" target=\"_blank\">BASA estima aplicar R$ 10 bi em cr\u00e9dito para projetos sustent\u00e1veis nos pr\u00f3ximos 4 anos<\/a><\/p>\n<p><a href=\"https:\/\/brasil61.com\/n\/amabio-basa-atua-em-programa-que-deve-mobilizar-1-bi-de-euros-em-investimentos-na-amazonia-basa240024\" target=\"_blank\">AMABIO: BASA atua em programa que deve mobilizar 1 bi de euros em investimentos na Amaz\u00f4nia<\/a><\/p>\n<p>J\u00e1 quanto ao apoio \u00e0s micro e pequenas empresas, o BASA apresentou no encontro uma linha de financiamento exclusiva para a categoria, com taxa de juros dos Fundos Constitucionais. De acordo com o Banco, o investimento pode ser fixo ou misto, com um prazo m\u00e1ximo de at\u00e9 36 meses, inclu\u00edda a car\u00eancia de at\u00e9 2 meses, para come\u00e7ar a pagar. Segundo o presidente do Banco da Amaz\u00f4nia, Luiz Lessa, o envolvimento do BASA no evento \u00e9 oportuno, uma vez que a institui\u00e7\u00e3o financeira atua diretamente na promo\u00e7\u00e3o do desenvolvimento sustent\u00e1vel da Amaz\u00f4nia.\u00a0<\/p>\n<p>\u201cEntendemos a import\u00e2ncia que \u00e9 a discuss\u00e3o da COP e da sustentabilidade, justamente, por n\u00f3s estarmos na Amaz\u00f4nia. N\u00f3s temos todo um compromisso com a sustentabilidade da regi\u00e3o, com a gera\u00e7\u00e3o de emprego e renda para a popula\u00e7\u00e3o e, consequentemente, com a mudan\u00e7a na qualidade de vida das pessoas que l\u00e1 vivem\u201d, pontuou.\u00a0<\/p>\n<h2>Cr\u00e9dito para pequenos produtores do Par\u00e1<\/h2>\n<p>Na COP 29, o Banco da Amaz\u00f4nia tamb\u00e9m celebrou parcerias importantes para a promo\u00e7\u00e3o de solu\u00e7\u00f5es sustent\u00e1veis que ajudem na conserva\u00e7\u00e3o ambiental, assim como na inclus\u00e3o social. Um exemplo \u00e9 acordo de coopera\u00e7\u00e3o t\u00e9cnica do BASA com o <a href=\"https:\/\/fundojbsamazonia.org\/\" target=\"_blank\">Fundo JBS pela Amaz\u00f4nia<\/a>.\u00a0<\/p>\n<p>O projeto visa facilitar o acesso ao cr\u00e9dito do PRONAF Mais Alimentos para 1.500 agricultores familiares, inicialmente nas cidades de Novo Repartimento, Pacaj\u00e1 e Anapu, localizadas na Transamaz\u00f4nica do estado. A estimativa \u00e9 de que sejam mobilizados R$ 90 milh\u00f5es nessa iniciativa, levando em conta o perfil desse p\u00fablico.\u00a0<\/p>\n<p>Al\u00e9m disso, os produtores que desejam adquirir bovinos poder\u00e3o optar por outra opera\u00e7\u00e3o de cr\u00e9dito, em at\u00e9 dez anos de prazo total, com taxas entre 3% e 6% ao ano. O acordo tem como objetivo incentivar a regulariza\u00e7\u00e3o ambiental e a rastreabilidade das propriedades a partir da recupera\u00e7\u00e3o de pastagens, diversifica\u00e7\u00e3o dos sistemas de produ\u00e7\u00e3o, assim como a intensifica\u00e7\u00e3o da pecu\u00e1ria, para fomentar modelos mais sustent\u00e1veis e produtivos junto aos financiamentos de investimento.<\/p>\n<p>O BASA tamb\u00e9m assinou durante a COP 29 um acordo de coopera\u00e7\u00e3o com a Ag\u00eancia Brasileira de Promo\u00e7\u00e3o de Exporta\u00e7\u00f5es e Investimentos <a href=\"https:\/\/www.abf.com.br\/franchisingbrasil\/apex-brasil\/?gad_source=1&amp;gclid=Cj0KCQiA3sq6BhD2ARIsAJ8MRwXQTqpKUEwqYX0ixuWGtwju-x1tBibLWEBz87K9SVoZ0NKHvuYBdC0aAkpHEALw_wcB\" target=\"_blank\">(ApexBrasil)<\/a>, com o objetivo de impulsionar o desenvolvimento sustent\u00e1vel na regi\u00e3o. A ideia \u00e9 alinhar crescimento econ\u00f4mico e preserva\u00e7\u00e3o ambiental, de acordo com a institui\u00e7\u00e3o financeira.\u00a0<br \/>\n\u00a0<\/p>\n<p>\t\t\t\t\t\t\t\t\t<img loading=\"lazy\" decoding=\"async\" src=\"https:\/\/brasil61.com\/api\/v1\/serve_pixel\/17677\/78918\" alt=\"Pixel Brasil 61\" class=\"b61_pixel\" width=\"0\" height=\"0\"><\/p>\n<input type=\"hidden\" id=\"baseurl\" value=\"https:\/\/noticiasdestaque.com.br\"><input type=\"hidden\" id=\"audio_nonce\" value=\"6f73a554f1\">","protected":false},"excerpt":{"rendered":"<p>Quanto ao apoio \u00e0s micro e pequenas empresas, por exemplo, o BASA apresentou no encontro uma linha de financiamento exclusiva para a categoria, com taxa de juros dos Fundos Constitucionais<\/p>\n","protected":false},"author":1,"featured_media":40320,"comment_status":"open","ping_status":"open","sticky":false,"template":"","format":"standard","meta":{"fifu_image_url":"","fifu_image_alt":"","footnotes":""},"categories":[59],"tags":[],"class_list":["post-40319","post","type-post","status-publish","format-standard","has-post-thumbnail","hentry","category-economia"],"distributor_meta":false,"distributor_terms":false,"distributor_media":false,"distributor_original_site_name":"Noticias em Destaque","distributor_original_site_url":"https:\/\/noticiasdestaque.com.br","push-errors":false,"_links":{"self":[{"href":"https:\/\/noticiasdestaque.com.br\/index.php\/wp-json\/wp\/v2\/posts\/40319","targetHints":{"allow":["GET"]}}],"collection":[{"href":"https:\/\/noticiasdestaque.com.br\/index.php\/wp-json\/wp\/v2\/posts"}],"about":[{"href":"https:\/\/noticiasdestaque.com.br\/index.php\/wp-json\/wp\/v2\/types\/post"}],"author":[{"embeddable":true,"href":"https:\/\/noticiasdestaque.com.br\/index.php\/wp-json\/wp\/v2\/users\/1"}],"replies":[{"embeddable":true,"href":"https:\/\/noticiasdestaque.com.br\/index.php\/wp-json\/wp\/v2\/comments?post=40319"}],"version-history":[{"count":0,"href":"https:\/\/noticiasdestaque.com.br\/index.php\/wp-json\/wp\/v2\/posts\/40319\/revisions"}],"wp:featuredmedia":[{"embeddable":true,"href":"https:\/\/noticiasdestaque.com.br\/index.php\/wp-json\/wp\/v2\/media\/40320"}],"wp:attachment":[{"href":"https:\/\/noticiasdestaque.com.br\/index.php\/wp-json\/wp\/v2\/media?parent=40319"}],"wp:term":[{"taxonomy":"category","embeddable":true,"href":"https:\/\/noticiasdestaque.com.br\/index.php\/wp-json\/wp\/v2\/categories?post=40319"},{"taxonomy":"post_tag","embeddable":true,"href":"https:\/\/noticiasdestaque.com.br\/index.php\/wp-json\/wp\/v2\/tags?post=40319"}],"curies":[{"name":"wp","href":"https:\/\/api.w.org\/{rel}","templated":true}]}}