{"id":40313,"date":"2024-12-06T03:00:00","date_gmt":"2024-12-06T06:00:00","guid":{"rendered":"https:\/\/noticiasdestaque.com.br\/index.php\/2024\/12\/06\/dolar-encerra-em-queda-060\/"},"modified":"2024-12-06T03:00:00","modified_gmt":"2024-12-06T06:00:00","slug":"dolar-encerra-em-queda-060","status":"publish","type":"post","link":"https:\/\/noticiasdestaque.com.br\/index.php\/2024\/12\/06\/dolar-encerra-em-queda-060\/","title":{"rendered":"D\u00f3lar encerra em queda 0,60%"},"content":{"rendered":"<p>\t\t\t\t\t\t\t\t\t\t<audio controls class=\"b61_audio_player\" data-noticia=\"78899\" src=\"https:\/\/brasil61.com\/rails\/active_storage\/blobs\/eyJfcmFpbHMiOnsibWVzc2FnZSI6IkJBaHBBd3NZQXc9PSIsImV4cCI6bnVsbCwicHVyIjoiYmxvYl9pZCJ9fQ==--ec0a34eb15259c2b5397479cbeacfdc47d95e251\/BRAS2413130A\"><\/audio><\/p>\n<p>Seguindo o movimento de queda, o d\u00f3lar encerrou a \u00faltima sess\u00e3o mais uma vez em leve baixa, de 0,60%, cotado a R$ 6,01. Esta \u00e9 a quinta vez seguida que a moeda americana fecha acima de R$ 6.<\/p>\n<p>No cen\u00e1rio dom\u00e9stico,\u00a0investidores reagiram ao avan\u00e7o do\u00a0projeto\u00a0de corte de gastos no\u00a0Congresso Nacional, o que pode ter sido um fator para a recupera\u00e7\u00e3o do\u00a0real frente ao d\u00f3lar. O avan\u00e7o do pacote ocorreu porque a C\u00e2mara aprovou\u00a0requerimentos de urg\u00eancia de dois projetos do governo, o que acelera a tramita\u00e7\u00e3o das propostas.<\/p>\n<p>J\u00e1 no\u00a0cen\u00e1rio externo, houve rea\u00e7\u00e3o\u00a0aos novos dados do mercado de trabalho nos Estados Unidos. Os pedidos de aux\u00edlio-desemprego aumentaram em 9 mil, saltando para 224 mil, em dado com ajuste sazonal, na semana encerrada em 30 de novembro.<\/p>\n<p>O euro comercial fechou o dia em leve alta, de 0,07%, cotado a R$ 6,36.<\/p>\n<p>\u00a0<\/p>\n<p>\u00a0<\/p>\n<p>\t\t\t\t\t\t\t\t\t<img loading=\"lazy\" decoding=\"async\" src=\"https:\/\/brasil61.com\/api\/v1\/serve_pixel\/17677\/78899\" alt=\"Pixel Brasil 61\" class=\"b61_pixel\" width=\"0\" height=\"0\"><\/p>\n<input type=\"hidden\" id=\"baseurl\" value=\"https:\/\/noticiasdestaque.com.br\"><input type=\"hidden\" id=\"audio_nonce\" value=\"6f73a554f1\">","protected":false},"excerpt":{"rendered":"<p>A moeda \u00e9 cotada a R$ 6,01 e registra desvaloriza\u00e7\u00e3o global<\/p>\n","protected":false},"author":1,"featured_media":40314,"comment_status":"open","ping_status":"open","sticky":false,"template":"","format":"standard","meta":{"fifu_image_url":"","fifu_image_alt":"","footnotes":""},"categories":[59],"tags":[],"class_list":["post-40313","post","type-post","status-publish","format-standard","has-post-thumbnail","hentry","category-economia"],"distributor_meta":false,"distributor_terms":false,"distributor_media":false,"distributor_original_site_name":"Noticias em Destaque","distributor_original_site_url":"https:\/\/noticiasdestaque.com.br","push-errors":false,"_links":{"self":[{"href":"https:\/\/noticiasdestaque.com.br\/index.php\/wp-json\/wp\/v2\/posts\/40313","targetHints":{"allow":["GET"]}}],"collection":[{"href":"https:\/\/noticiasdestaque.com.br\/index.php\/wp-json\/wp\/v2\/posts"}],"about":[{"href":"https:\/\/noticiasdestaque.com.br\/index.php\/wp-json\/wp\/v2\/types\/post"}],"author":[{"embeddable":true,"href":"https:\/\/noticiasdestaque.com.br\/index.php\/wp-json\/wp\/v2\/users\/1"}],"replies":[{"embeddable":true,"href":"https:\/\/noticiasdestaque.com.br\/index.php\/wp-json\/wp\/v2\/comments?post=40313"}],"version-history":[{"count":0,"href":"https:\/\/noticiasdestaque.com.br\/index.php\/wp-json\/wp\/v2\/posts\/40313\/revisions"}],"wp:featuredmedia":[{"embeddable":true,"href":"https:\/\/noticiasdestaque.com.br\/index.php\/wp-json\/wp\/v2\/media\/40314"}],"wp:attachment":[{"href":"https:\/\/noticiasdestaque.com.br\/index.php\/wp-json\/wp\/v2\/media?parent=40313"}],"wp:term":[{"taxonomy":"category","embeddable":true,"href":"https:\/\/noticiasdestaque.com.br\/index.php\/wp-json\/wp\/v2\/categories?post=40313"},{"taxonomy":"post_tag","embeddable":true,"href":"https:\/\/noticiasdestaque.com.br\/index.php\/wp-json\/wp\/v2\/tags?post=40313"}],"curies":[{"name":"wp","href":"https:\/\/api.w.org\/{rel}","templated":true}]}}