{"id":40307,"date":"2024-12-07T17:06:00","date_gmt":"2024-12-07T20:06:00","guid":{"rendered":"https:\/\/noticiasdestaque.com.br\/index.php\/2024\/12\/07\/previsao-do-tempo-poucas-nuvens-em-mg-e-es-neste-domingo-8\/"},"modified":"2024-12-07T17:06:00","modified_gmt":"2024-12-07T20:06:00","slug":"previsao-do-tempo-poucas-nuvens-em-mg-e-es-neste-domingo-8","status":"publish","type":"post","link":"https:\/\/noticiasdestaque.com.br\/index.php\/2024\/12\/07\/previsao-do-tempo-poucas-nuvens-em-mg-e-es-neste-domingo-8\/","title":{"rendered":"PREVIS\u00c3O DO TEMPO: Poucas nuvens em MG e ES neste domingo (8)"},"content":{"rendered":"<p>\t\t\t\t\t\t\t\t\t\t<audio controls class=\"b61_audio_player\" data-noticia=\"78922\" src=\"https:\/\/brasil61.com\/rails\/active_storage\/blobs\/eyJfcmFpbHMiOnsibWVzc2FnZSI6IkJBaHBBM01ZQXc9PSIsImV4cCI6bnVsbCwicHVyIjoiYmxvYl9pZCJ9fQ==--4fa0d8643a4637a9e9a1ca50f66e6e954646fe90\/PTSD243904A\"><\/audio><\/p>\n<p>As chuvas intensas, provocadas pela aproxima\u00e7\u00e3o de um sistema frontal no oceano, devem dar uma tr\u00e9gua, neste neste domingo (8), em grande parte do Sudeste.\u00a0<\/p>\n<p>Tempo com poucas nuvens em Minas Gerais, Esp\u00edrito Santo, Norte e Baixada fluminense.\u00a0<\/p>\n<p>Pode chover na Metropolitana do Rio e nas demais regi\u00f5es do estado. Em S\u00e3o Paulo, muitas nuvens com pancadas de chuva e trovoadas isoladas nas regi\u00f5es de Presidente Prudente, Mar\u00edlia, Assis, Itapetininga e Litoral Sul.<br \/>\n\u00a0<br \/>\nNa capital Rio de Janeiro (RJ), temperatura m\u00ednima de 21\u00baC e m\u00e1xima de 36\u00baC. A cidade de S\u00e3o Paulo (SP) deve registrar m\u00ednima de 21\u00baC e m\u00e1xima de 29\u00baC. M\u00ednima de 23\u00baC e m\u00e1xima de 35\u00baC em Vit\u00f3ria (ES). Em Belo Horizonte (MG), m\u00ednima de 19\u00baC e m\u00e1xima de 34\u00baC.<\/p>\n<p>As informa\u00e7\u00f5es s\u00e3o do Instituto Nacional de Meteorologia.<\/p>\n<p>\n\u00a0<\/p>\n<p>\t\t\t\t\t\t\t\t\t<img loading=\"lazy\" decoding=\"async\" src=\"https:\/\/brasil61.com\/api\/v1\/serve_pixel\/17677\/78922\" alt=\"Pixel Brasil 61\" class=\"b61_pixel\" width=\"0\" height=\"0\"><\/p>\n<input type=\"hidden\" id=\"baseurl\" value=\"https:\/\/noticiasdestaque.com.br\"><input type=\"hidden\" id=\"audio_nonce\" value=\"5128c810d9\">","protected":false},"excerpt":{"rendered":"<p>Pode chover na Metropolitana do Rio e demais regi\u00f5es do estado fluminense. Em parte de S\u00e3o Paulo, muitas nuvens com pancadas de chuva e trovoadas isoladas<\/p>\n","protected":false},"author":1,"featured_media":40308,"comment_status":"open","ping_status":"open","sticky":false,"template":"","format":"standard","meta":{"fifu_image_url":"","fifu_image_alt":"","footnotes":""},"categories":[58],"tags":[],"class_list":["post-40307","post","type-post","status-publish","format-standard","has-post-thumbnail","hentry","category-cotidiano"],"distributor_meta":false,"distributor_terms":false,"distributor_media":false,"distributor_original_site_name":"Noticias em Destaque","distributor_original_site_url":"https:\/\/noticiasdestaque.com.br","push-errors":false,"_links":{"self":[{"href":"https:\/\/noticiasdestaque.com.br\/index.php\/wp-json\/wp\/v2\/posts\/40307","targetHints":{"allow":["GET"]}}],"collection":[{"href":"https:\/\/noticiasdestaque.com.br\/index.php\/wp-json\/wp\/v2\/posts"}],"about":[{"href":"https:\/\/noticiasdestaque.com.br\/index.php\/wp-json\/wp\/v2\/types\/post"}],"author":[{"embeddable":true,"href":"https:\/\/noticiasdestaque.com.br\/index.php\/wp-json\/wp\/v2\/users\/1"}],"replies":[{"embeddable":true,"href":"https:\/\/noticiasdestaque.com.br\/index.php\/wp-json\/wp\/v2\/comments?post=40307"}],"version-history":[{"count":0,"href":"https:\/\/noticiasdestaque.com.br\/index.php\/wp-json\/wp\/v2\/posts\/40307\/revisions"}],"wp:featuredmedia":[{"embeddable":true,"href":"https:\/\/noticiasdestaque.com.br\/index.php\/wp-json\/wp\/v2\/media\/40308"}],"wp:attachment":[{"href":"https:\/\/noticiasdestaque.com.br\/index.php\/wp-json\/wp\/v2\/media?parent=40307"}],"wp:term":[{"taxonomy":"category","embeddable":true,"href":"https:\/\/noticiasdestaque.com.br\/index.php\/wp-json\/wp\/v2\/categories?post=40307"},{"taxonomy":"post_tag","embeddable":true,"href":"https:\/\/noticiasdestaque.com.br\/index.php\/wp-json\/wp\/v2\/tags?post=40307"}],"curies":[{"name":"wp","href":"https:\/\/api.w.org\/{rel}","templated":true}]}}