{"id":40303,"date":"2024-12-07T16:59:00","date_gmt":"2024-12-07T19:59:00","guid":{"rendered":"https:\/\/noticiasdestaque.com.br\/index.php\/2024\/12\/07\/previsao-do-tempo-pancadas-de-chuva-previstas-para-ma-possibilidade-de-chuvas-no-pi-ce-rn-pb-se-e-al\/"},"modified":"2024-12-07T16:59:00","modified_gmt":"2024-12-07T19:59:00","slug":"previsao-do-tempo-pancadas-de-chuva-previstas-para-ma-possibilidade-de-chuvas-no-pi-ce-rn-pb-se-e-al","status":"publish","type":"post","link":"https:\/\/noticiasdestaque.com.br\/index.php\/2024\/12\/07\/previsao-do-tempo-pancadas-de-chuva-previstas-para-ma-possibilidade-de-chuvas-no-pi-ce-rn-pb-se-e-al\/","title":{"rendered":"PREVIS\u00c3O DO TEMPO: Pancadas de chuva previstas para MA; possibilidade de chuvas no PI, CE, RN, PB, SE e AL"},"content":{"rendered":"<p>\t\t\t\t\t\t\t\t\t\t<audio controls class=\"b61_audio_player\" data-noticia=\"78920\" src=\"https:\/\/brasil61.com\/rails\/active_storage\/blobs\/eyJfcmFpbHMiOnsibWVzc2FnZSI6IkJBaHBBM1VZQXc9PSIsImV4cCI6bnVsbCwicHVyIjoiYmxvYl9pZCJ9fQ==--41e9566e72886e444c0f44fe10597e5d5725c5cf\/PTND244512A\"><\/audio><\/p>\n<p>Um V\u00f3rtice Cicl\u00f4nico de Altos N\u00edveis ainda atua no Nordeste, provocando pancadas de chuva em \u00e1reas da regi\u00e3o. Neste domingo (8), a previs\u00e3o \u00e9 de tempo com muitas nuvens, com pancadas de chuva isoladas no Maranh\u00e3o. Possibilidade de chuvas no Piau\u00ed, Cear\u00e1, Rio Grande do Norte, Para\u00edba, Sergipe, Alagoas e litoral de Pernambuco.\u00a0<\/p>\n<p>Na Bahia, tempo dever\u00e1 permanecer quente e com baixa probabilidade de chuva.\u00a0<\/p>\n<p>Temperaturas m\u00ednimas de 22\u00baC em Salvador (BA) e de 23\u00baC em Aracaju (SE) e Macei\u00f3 (AL). M\u00e1ximas de 30\u00baC no Recife (PE) e em Fortaleza (CE), de 31\u00baC em Jo\u00e3o Pessoa (PB) e Natal (RN), de 32\u00baC em S\u00e3o Lu\u00eds (MA) e de 34\u00baC em Teresina (PI).<\/p>\n<p>As informa\u00e7\u00f5es s\u00e3o do Instituto Nacional de Meteorologia.<br \/>\n\u00a0<\/p>\n<p>\t\t\t\t\t\t\t\t\t<img loading=\"lazy\" decoding=\"async\" src=\"https:\/\/brasil61.com\/api\/v1\/serve_pixel\/17677\/78920\" alt=\"Pixel Brasil 61\" class=\"b61_pixel\" width=\"0\" height=\"0\"><\/p>\n<input type=\"hidden\" id=\"baseurl\" value=\"https:\/\/noticiasdestaque.com.br\"><input type=\"hidden\" id=\"audio_nonce\" value=\"6f73a554f1\">","protected":false},"excerpt":{"rendered":"<p>Na Bahia, tempo dever\u00e1 permanecer quente e com baixa probabilidade de chuva. <\/p>\n","protected":false},"author":1,"featured_media":40304,"comment_status":"open","ping_status":"open","sticky":false,"template":"","format":"standard","meta":{"fifu_image_url":"","fifu_image_alt":"","footnotes":""},"categories":[58],"tags":[],"class_list":["post-40303","post","type-post","status-publish","format-standard","has-post-thumbnail","hentry","category-cotidiano"],"distributor_meta":false,"distributor_terms":false,"distributor_media":false,"distributor_original_site_name":"Noticias em Destaque","distributor_original_site_url":"https:\/\/noticiasdestaque.com.br","push-errors":false,"_links":{"self":[{"href":"https:\/\/noticiasdestaque.com.br\/index.php\/wp-json\/wp\/v2\/posts\/40303","targetHints":{"allow":["GET"]}}],"collection":[{"href":"https:\/\/noticiasdestaque.com.br\/index.php\/wp-json\/wp\/v2\/posts"}],"about":[{"href":"https:\/\/noticiasdestaque.com.br\/index.php\/wp-json\/wp\/v2\/types\/post"}],"author":[{"embeddable":true,"href":"https:\/\/noticiasdestaque.com.br\/index.php\/wp-json\/wp\/v2\/users\/1"}],"replies":[{"embeddable":true,"href":"https:\/\/noticiasdestaque.com.br\/index.php\/wp-json\/wp\/v2\/comments?post=40303"}],"version-history":[{"count":0,"href":"https:\/\/noticiasdestaque.com.br\/index.php\/wp-json\/wp\/v2\/posts\/40303\/revisions"}],"wp:featuredmedia":[{"embeddable":true,"href":"https:\/\/noticiasdestaque.com.br\/index.php\/wp-json\/wp\/v2\/media\/40304"}],"wp:attachment":[{"href":"https:\/\/noticiasdestaque.com.br\/index.php\/wp-json\/wp\/v2\/media?parent=40303"}],"wp:term":[{"taxonomy":"category","embeddable":true,"href":"https:\/\/noticiasdestaque.com.br\/index.php\/wp-json\/wp\/v2\/categories?post=40303"},{"taxonomy":"post_tag","embeddable":true,"href":"https:\/\/noticiasdestaque.com.br\/index.php\/wp-json\/wp\/v2\/tags?post=40303"}],"curies":[{"name":"wp","href":"https:\/\/api.w.org\/{rel}","templated":true}]}}