{"id":40294,"date":"2024-12-06T18:00:00","date_gmt":"2024-12-06T21:00:00","guid":{"rendered":"https:\/\/noticiasdestaque.com.br\/index.php\/2024\/12\/06\/previsao-do-tempo-sudeste-tera-ceu-com-predominancia-de-poucas-nuvens-na-maior-parte-da-regiao-neste-sabado-7\/"},"modified":"2024-12-06T18:00:00","modified_gmt":"2024-12-06T21:00:00","slug":"previsao-do-tempo-sudeste-tera-ceu-com-predominancia-de-poucas-nuvens-na-maior-parte-da-regiao-neste-sabado-7","status":"publish","type":"post","link":"https:\/\/noticiasdestaque.com.br\/index.php\/2024\/12\/06\/previsao-do-tempo-sudeste-tera-ceu-com-predominancia-de-poucas-nuvens-na-maior-parte-da-regiao-neste-sabado-7\/","title":{"rendered":"PREVIS\u00c3O DO TEMPO: Sudeste ter\u00e1 c\u00e9u com predomin\u00e2ncia de poucas nuvens na maior parte da regi\u00e3o neste s\u00e1bado (7)"},"content":{"rendered":"<p>\t\t\t\t\t\t\t\t\t\t<audio controls class=\"b61_audio_player\" data-noticia=\"78911\" src=\"https:\/\/brasil61.com\/rails\/active_storage\/blobs\/eyJfcmFpbHMiOnsibWVzc2FnZSI6IkJBaHBBMThZQXc9PSIsImV4cCI6bnVsbCwicHVyIjoiYmxvYl9pZCJ9fQ==--9677943118c843ab5ca25e9cf6f6c17278a6ce80\/PTSD243903A\"><\/audio><\/p>\n<p>Neste s\u00e1bado (7), a regi\u00e3o Sudeste do pa\u00eds ter\u00e1 c\u00e9u com predomin\u00e2ncia de poucas nuvens na maior parte do territ\u00f3rio. J\u00e1 para S\u00e3o Paulo, h\u00e1 alerta de chuvas intensas em todo o estado e de tempestade nas regi\u00f5es de Presidente Prudente e no litoral sul.<\/p>\n<p>Os ventos podem chegar a 100km\/h, com possibilidade de queda de granizo. H\u00e1 risco de corte de energia el\u00e9trica, estragos em planta\u00e7\u00f5es, queda de \u00e1rvores e de alagamentos.<\/p>\n<p>Minas Gerais e Rio de Janeiro devem ter c\u00e9u com poucas nuvens o dia todo.<\/p>\n<p>J\u00e1 o c\u00e9u do Esp\u00edrito Santo alterna entre poucas e muitas nuvens ao longo do dia.\u00a0<\/p>\n<p>Entre as capitais, a temperatura m\u00ednima prevista \u00e9 de 17\u00b0C, em Belo Horizonte. J\u00e1 a m\u00e1xima pode chegar a 38\u00b0C, no Rio de Janeiro . A umidade relativa do ar varia entre 30% e 95%.<\/p>\n<p>As informa\u00e7\u00f5es s\u00e3o do Instituto Nacional de Meteorologia. \u00a0<\/p>\n<p>\n\u00a0<\/p>\n<p>\t\t\t\t\t\t\t\t\t<img loading=\"lazy\" decoding=\"async\" src=\"https:\/\/brasil61.com\/api\/v1\/serve_pixel\/17677\/78911\" alt=\"Pixel Brasil 61\" class=\"b61_pixel\" width=\"0\" height=\"0\"><\/p>\n<input type=\"hidden\" id=\"baseurl\" value=\"https:\/\/noticiasdestaque.com.br\"><input type=\"hidden\" id=\"audio_nonce\" value=\"6f73a554f1\">","protected":false},"excerpt":{"rendered":"<p>Para SP h\u00e1 alerta de chuvas intensas em todo o estado e tempestade em Presidente Prudente e no litoral sul<\/p>\n","protected":false},"author":1,"featured_media":0,"comment_status":"open","ping_status":"open","sticky":false,"template":"","format":"standard","meta":{"fifu_image_url":"","fifu_image_alt":"","footnotes":""},"categories":[58],"tags":[],"class_list":["post-40294","post","type-post","status-publish","format-standard","hentry","category-cotidiano"],"distributor_meta":false,"distributor_terms":false,"distributor_media":false,"distributor_original_site_name":"Noticias em Destaque","distributor_original_site_url":"https:\/\/noticiasdestaque.com.br","push-errors":false,"_links":{"self":[{"href":"https:\/\/noticiasdestaque.com.br\/index.php\/wp-json\/wp\/v2\/posts\/40294","targetHints":{"allow":["GET"]}}],"collection":[{"href":"https:\/\/noticiasdestaque.com.br\/index.php\/wp-json\/wp\/v2\/posts"}],"about":[{"href":"https:\/\/noticiasdestaque.com.br\/index.php\/wp-json\/wp\/v2\/types\/post"}],"author":[{"embeddable":true,"href":"https:\/\/noticiasdestaque.com.br\/index.php\/wp-json\/wp\/v2\/users\/1"}],"replies":[{"embeddable":true,"href":"https:\/\/noticiasdestaque.com.br\/index.php\/wp-json\/wp\/v2\/comments?post=40294"}],"version-history":[{"count":0,"href":"https:\/\/noticiasdestaque.com.br\/index.php\/wp-json\/wp\/v2\/posts\/40294\/revisions"}],"wp:attachment":[{"href":"https:\/\/noticiasdestaque.com.br\/index.php\/wp-json\/wp\/v2\/media?parent=40294"}],"wp:term":[{"taxonomy":"category","embeddable":true,"href":"https:\/\/noticiasdestaque.com.br\/index.php\/wp-json\/wp\/v2\/categories?post=40294"},{"taxonomy":"post_tag","embeddable":true,"href":"https:\/\/noticiasdestaque.com.br\/index.php\/wp-json\/wp\/v2\/tags?post=40294"}],"curies":[{"name":"wp","href":"https:\/\/api.w.org\/{rel}","templated":true}]}}