{"id":40280,"date":"2024-11-30T14:00:00","date_gmt":"2024-11-30T17:00:00","guid":{"rendered":"https:\/\/noticiasdestaque.com.br\/index.php\/2024\/11\/30\/covid-19-ja-sao-mais-de-54-mil-mortes-em-2024\/"},"modified":"2024-11-30T14:00:00","modified_gmt":"2024-11-30T17:00:00","slug":"covid-19-ja-sao-mais-de-54-mil-mortes-em-2024","status":"publish","type":"post","link":"https:\/\/noticiasdestaque.com.br\/index.php\/2024\/11\/30\/covid-19-ja-sao-mais-de-54-mil-mortes-em-2024\/","title":{"rendered":"Covid-19: j\u00e1 s\u00e3o mais de 5,4 mil mortes em 2024"},"content":{"rendered":"<p>\t\t\t\t\t\t\t\t\t\t<audio controls class=\"b61_audio_player\" data-noticia=\"78788\" src=\"https:\/\/brasil61.com\/rails\/active_storage\/blobs\/eyJfcmFpbHMiOnsibWVzc2FnZSI6IkJBaHBBNnNXQXc9PSIsImV4cCI6bnVsbCwicHVyIjoiYmxvYl9pZCJ9fQ==--a27159aabcc0099f98a02e0ec6a14b4d84a4c51a\/BRAS2413095A\"><\/audio><\/p>\n<p>Em 2024, foram notificados 5.489 \u00f3bitos por Covid-19, segundo o mais recente informe da Vigil\u00e2ncia das S\u00edndromes Gripais do Minist\u00e9rio da Sa\u00fade. Sendo assim, os dados da doen\u00e7a seguem em patamar baixo na <a href=\"http:\/\/file:\/\/\/C:\/Users\/User\/Downloads\/Informe%20SE%2046%20de%202024.pdf\">semana epidemiol\u00f3gica (SE) 46<\/a>, inseridos no sistema at\u00e9 16 de outubro.\u00a0<\/p>\n<p>O informe aponta, ainda, que a Covid-19 segue com valores relativamente baixos em compara\u00e7\u00e3o com o hist\u00f3rico. Por\u00e9m, como nos anos anteriores\u00a0foi observado aumento de casos no per\u00edodo pr\u00f3ximo \u00e0 virada do ano, o Minist\u00e9rio ressalta\u00a0a import\u00e2ncia de ter a vacina\u00e7\u00e3o em dia.<\/p>\n<p>A pesquisadora do Programa de Computa\u00e7\u00e3o Cient\u00edfica da Fiocruz (Procc\/Fiocruz) e do InfoGripe, Tatiana Portella, ressalta que apesar da melhoria no cen\u00e1rio epidemiol\u00f3gico da Covid-19\u00a0\u00e9 importante manter as medidas de preven\u00e7\u00e3o, especialmente a vacina\u00e7\u00e3o.<\/p>\n<p>\u201cA Covid-19 n\u00e3o tem uma tend\u00eancia sazonal clara, como outros v\u00edrus respirat\u00f3rios. Ent\u00e3o a gente n\u00e3o sabe exatamente quando que vai surgir uma nova onda do v\u00edrus, \u00e9 importante que todas as pessoas dos grupos de risco estejam preparadas para quando isso acontecer. \u00c9 importante que todas as pessoas do grupo eleg\u00edvel\u00a0verifiquem suas carteiras de vacina\u00e7\u00e3o e vejam se est\u00e3o em dia com a vacina contra a Covid-19. Se n\u00e3o estiver em dia, \u00e9 importante buscar um posto de sa\u00fade para se vacinar contra o v\u00edrus\u201d, pontua Portella.<\/p>\n<p>O levantamento do Minist\u00e9rio da Sa\u00fade sobre a Covid-19 tem como base os dados inseridos no sistema at\u00e9 16 de outubro. Os dados apontam que na \u00faltima semana epidemiol\u00f3gica (SE 46) foram registrados 13 \u00f3bitos no pa\u00eds, uma redu\u00e7\u00e3o de 16,66% na m\u00e9dia m\u00f3vel de \u00f3bitos em compara\u00e7\u00e3o com a SE 45.<\/p>\n<p>Segundo o Informe, houve instabilidade no sistema nas \u00faltimas semanas e h\u00e1 casos represados que est\u00e3o sendo informados com atraso na semana atual. Para a semana de refer\u00eancia, os estados BA, GO, MS, PI, RO, RR e SP n\u00e3o atualizaram os dados.<\/p>\n<p>\u00a0<\/p>\n<p>!function(){&#8220;use strict&#8221;;window.addEventListener(&#8220;message&#8221;,(function(a){if(void 0!==a.data[&#8220;datawrapper-height&#8221;]){var e=document.querySelectorAll(&#8220;iframe&#8221;);for(var t in a.data[&#8220;datawrapper-height&#8221;])for(var r=0;r&lt;e.length;r++)if(e[r].contentWindow===a.source){var i=a.data[&quot;datawrapper-height&quot;][t]+&quot;px&quot;;e[r].style.height=i}}}))}();\n<\/p>\n<h2>S\u00edndrome Respirat\u00f3ria Aguda Grave (SRAG)<\/h2>\n<p>Em rela\u00e7\u00e3o \u00e0 vigil\u00e2ncia de SRAG, foram notificados 73.148 casos hospitalizados em 2024, at\u00e9 a SE 46, com identifica\u00e7\u00e3o de v\u00edrus respirat\u00f3rios. Quanto aos \u00f3bitos por SRAG, foram registrados 56\u00a0nas \u00faltimas semanas (SE 44 a 46). Covid-19 (64%), influenza B (11%) e rinov\u00edrus (9%) continuaram predominando.<\/p>\n<p>O \u00faltimo <a href=\"https:\/\/portal.fiocruz.br\/noticia\/2024\/11\/infogripe-casos-de-srag-seguem-em-queda-no-brasil\" target=\"_blank\">Boletim InfoGripe<\/a> da FioCruz destaca redu\u00e7\u00e3o do n\u00famero de novos casos de SRAG no agregado nacional e na maioria dos estados. Mas quatro unidades federativas ainda apresentam sinal de crescimento da s\u00edndrome na tend\u00eancia de longo prazo, em duas regi\u00f5es. Confira:<\/p>\n<ul>\n<li>Na regi\u00e3o Norte: Amap\u00e1 (AP) e Roraima (RR)<\/li>\n<li>Na regi\u00e3o Centro-Oeste: Distrito Federal (DF) e Mato Grosso (MT).<\/li>\n<\/ul>\n<p>A pesquisadora do InfoGripe, Tatiana Portella, aponta que as hospitaliza\u00e7\u00f5es nesses quatro estados s\u00e3o predominantes entre as crian\u00e7as de at\u00e9 dois anos de idade, sendo impulsionadas principalmente pelo rinov\u00edrus.<\/p>\n<p>\u201cA \u00fanica exce\u00e7\u00e3o \u00e9 o estado do MT, onde ainda n\u00e3o \u00e9 poss\u00edvel determinar o v\u00edrus respons\u00e1vel, mas muito provavelmente pode ser o pr\u00f3prio rinov\u00edrus ou algum outro v\u00edrus respirat\u00f3rio que tamb\u00e9m afeta crian\u00e7as pequenas, como o v\u00edrus sincicial respirat\u00f3rio, o metapneumov\u00edrus ou adenov\u00edrus\u201d, destaca Portella.\u00a0<\/p>\n<p>O Boletim da FioCruz indica que, de maneira geral, o rinov\u00edrus segue como o principal v\u00edrus respons\u00e1vel pelos casos de SRAG em crian\u00e7as e adolescentes de at\u00e9 14 anos. Em contrapartida, a Covid-19 predomina entre os idosos. Contudo, as hospitaliza\u00e7\u00f5es associadas aos v\u00edrus est\u00e3o em tend\u00eancia de queda ou estabilidade na maior parte do Brasil.<\/p>\n<p>Confira as oito capitais que apresentam sinal de crescimento nos casos de SRAG: Bras\u00edlia (DF), Boa Vista (RR), Campo Grande (MS), Cuiab\u00e1 (MT), Fortaleza (CE), Macap\u00e1 (AP), Recife (PE) e\u00a0S\u00e3o Paulo (SP). Em Fortaleza e Campo Grande, o aumento tem preval\u00eancia entre os idosos. Em Recife, entre as crian\u00e7as. Em Boa Vista, Campo Grande e S\u00e3o Paulo, entre crian\u00e7as e adolescentes. J\u00e1 em Bras\u00edlia, Cuiab\u00e1 e Macap\u00e1, o sinal de crescimento ainda pode ser compat\u00edvel com oscila\u00e7\u00e3o e a FioCruz sugere cautela para estas capitais.\u00a0<\/p>\n<h2>Estados e munic\u00edpios<\/h2>\n<p>Na \u00faltima semana epidemiol\u00f3gica (SE 46), Rio de Janeiro foi o estado que registrou o maior n\u00famero de \u00f3bitos pela Covid-19 (4), seguido pelo Amazonas.\u00a0<\/p>\n<p>J\u00e1 Par\u00e1, Maranh\u00e3o, Para\u00edba, Pernambuco, Sergipe, Esp\u00edrito Santo e Paran\u00e1 registraram 1 \u00f3bito cada. Os demais estados n\u00e3o registraram nenhuma morte por Covid-19 na SE 46.\u00a0<\/p>\n<p>\u00a0<\/p>\n<p>!function(){&#8220;use strict&#8221;;window.addEventListener(&#8220;message&#8221;,(function(a){if(void 0!==a.data[&#8220;datawrapper-height&#8221;]){var e=document.querySelectorAll(&#8220;iframe&#8221;);for(var t in a.data[&#8220;datawrapper-height&#8221;])for(var r=0;r&lt;e.length;r++)if(e[r].contentWindow===a.source){var i=a.data[&quot;datawrapper-height&quot;][t]+&quot;px&quot;;e[r].style.height=i}}}))}();\n<\/p>\n<p>J\u00e1 em rela\u00e7\u00e3o ao n\u00famero de \u00f3bitos por Covid-19 acumulados desde o in\u00edcio da pandemia, o ranking estadual \u00e9:\u00a0<\/p>\n<ul>\n<li>SP: 184.244 \u00f3bitos<\/li>\n<li>RJ: 78.244 \u00f3bitos<\/li>\n<li>MG: 66.885 \u00f3bitos<\/li>\n<li>PR: 47.044 \u00f3bitos<\/li>\n<li>RS: 43.078 \u00f3bitos<\/li>\n<li>BA: 32.034 \u00f3bitos<\/li>\n<li>GO: 28.669 \u00f3bitos<\/li>\n<li>CE: 28.215 \u00f3bitos<\/li>\n<li>PE: 23.241 \u00f3bitos<\/li>\n<li>SC: 23.149 \u00f3bitos<\/li>\n<li>PA: 19.296 \u00f3bitos<\/li>\n<li>MT: 15.254 \u00f3bitos<\/li>\n<li>ES: 15.218 \u00f3bitos<\/li>\n<li>AM: 14.536 \u00f3bitos<\/li>\n<li>DF: 12.028 \u00f3bitos<\/li>\n<li>MS: 11.305 \u00f3bitos<\/li>\n<li>MA: 11.104 \u00f3bitos<\/li>\n<li>PB: 10.674 \u00f3bitos<\/li>\n<li>RN: 9.321 \u00f3bitos<\/li>\n<li>PI: 8.445 \u00f3bitos<\/li>\n<li>RO: 7.527 \u00f3bitos<\/li>\n<li>AL: 7.355 \u00f3bitos<\/li>\n<li>SE: 6.577 \u00f3bitos<\/li>\n<li>TO: 4.307 \u00f3bitos<\/li>\n<li>RR: 2.202 \u00f3bitos<\/li>\n<li>AP: 2.175 \u00f3bitos<\/li>\n<li>AC: 2.083 \u00f3bitos\u00a0<\/li>\n<\/ul>\n<p>\t\t\t\t\t\t\t\t\t<img loading=\"lazy\" decoding=\"async\" src=\"https:\/\/brasil61.com\/api\/v1\/serve_pixel\/17677\/78788\" alt=\"Pixel Brasil 61\" class=\"b61_pixel\" width=\"0\" height=\"0\"><\/p>\n<input type=\"hidden\" id=\"baseurl\" value=\"https:\/\/noticiasdestaque.com.br\"><input type=\"hidden\" id=\"audio_nonce\" value=\"6f73a554f1\">","protected":false},"excerpt":{"rendered":"<p>O Boletim InfoGripe da FioCruz aponta tend\u00eancia de queda dos casos de SRAG no pa\u00eds, com aumento de longo prazo em RR, AP, DF e MT<\/p>\n","protected":false},"author":1,"featured_media":40281,"comment_status":"open","ping_status":"open","sticky":false,"template":"","format":"standard","meta":{"fifu_image_url":"","fifu_image_alt":"","footnotes":""},"categories":[51],"tags":[],"class_list":["post-40280","post","type-post","status-publish","format-standard","has-post-thumbnail","hentry","category-saude"],"distributor_meta":false,"distributor_terms":false,"distributor_media":false,"distributor_original_site_name":"Noticias em Destaque","distributor_original_site_url":"https:\/\/noticiasdestaque.com.br","push-errors":false,"_links":{"self":[{"href":"https:\/\/noticiasdestaque.com.br\/index.php\/wp-json\/wp\/v2\/posts\/40280","targetHints":{"allow":["GET"]}}],"collection":[{"href":"https:\/\/noticiasdestaque.com.br\/index.php\/wp-json\/wp\/v2\/posts"}],"about":[{"href":"https:\/\/noticiasdestaque.com.br\/index.php\/wp-json\/wp\/v2\/types\/post"}],"author":[{"embeddable":true,"href":"https:\/\/noticiasdestaque.com.br\/index.php\/wp-json\/wp\/v2\/users\/1"}],"replies":[{"embeddable":true,"href":"https:\/\/noticiasdestaque.com.br\/index.php\/wp-json\/wp\/v2\/comments?post=40280"}],"version-history":[{"count":0,"href":"https:\/\/noticiasdestaque.com.br\/index.php\/wp-json\/wp\/v2\/posts\/40280\/revisions"}],"wp:featuredmedia":[{"embeddable":true,"href":"https:\/\/noticiasdestaque.com.br\/index.php\/wp-json\/wp\/v2\/media\/40281"}],"wp:attachment":[{"href":"https:\/\/noticiasdestaque.com.br\/index.php\/wp-json\/wp\/v2\/media?parent=40280"}],"wp:term":[{"taxonomy":"category","embeddable":true,"href":"https:\/\/noticiasdestaque.com.br\/index.php\/wp-json\/wp\/v2\/categories?post=40280"},{"taxonomy":"post_tag","embeddable":true,"href":"https:\/\/noticiasdestaque.com.br\/index.php\/wp-json\/wp\/v2\/tags?post=40280"}],"curies":[{"name":"wp","href":"https:\/\/api.w.org\/{rel}","templated":true}]}}