{"id":40262,"date":"2024-12-04T02:00:00","date_gmt":"2024-12-04T05:00:00","guid":{"rendered":"https:\/\/noticiasdestaque.com.br\/index.php\/2024\/12\/04\/ibovespa-conclui-ultimo-pregao-acima-dos-126-mil-pontos\/"},"modified":"2024-12-04T02:00:00","modified_gmt":"2024-12-04T05:00:00","slug":"ibovespa-conclui-ultimo-pregao-acima-dos-126-mil-pontos","status":"publish","type":"post","link":"https:\/\/noticiasdestaque.com.br\/index.php\/2024\/12\/04\/ibovespa-conclui-ultimo-pregao-acima-dos-126-mil-pontos\/","title":{"rendered":"Ibovespa conclui \u00faltimo preg\u00e3o acima dos 126 mil pontos"},"content":{"rendered":"<p>\t\t\t\t\t\t\t\t\t\t<audio controls class=\"b61_audio_player\" data-noticia=\"78866\" src=\"https:\/\/brasil61.com\/rails\/active_storage\/blobs\/eyJfcmFpbHMiOnsibWVzc2FnZSI6IkJBaHBBOGNYQXc9PSIsImV4cCI6bnVsbCwicHVyIjoiYmxvYl9pZCJ9fQ==--eed5845963a196650aa44c7e02c9a44e415bb915\/BRAS2413116A\"><\/audio><\/p>\n<p>O \u00edndice da bolsa de valores brasileira (Ibovespa) concluiu o \u00faltimo preg\u00e3o acima dos 126 mil pontos.\u00a0<\/p>\n<p>O resultado veio em meio \u00e0 inclus\u00e3o das urg\u00eancias para dois projetos de lei da s\u00e9rie de medidas de ajuste fiscal na pauta do dia, por parte do presidente da C\u00e2mara dos Deputados, Arthur Lira.\u00a0<\/p>\n<p>Entre as a\u00e7\u00f5es com maiores altas no dia est\u00e3o as da Oncocl\u00ednicas e da Eletropar, de 11,15% e 10,53%, respectivamente.\u00a0<\/p>\n<p>J\u00e1 as maiores quedas ficaram entre a\u00e7\u00f5es da Ambipar, de 13,03%, e do BTGP Banco, de 11,68%.\u00a0<\/p>\n<p>O volume total negociado na B3 foi de R$ 21,5 bilh\u00f5es.\u00a0<\/p>\n<p>As informa\u00e7\u00f5es sobre o Ibovespa podem ser consultadas no site da B3.<br \/>\n\u00a0<\/p>\n<p>\t\t\t\t\t\t\t\t\t<img loading=\"lazy\" decoding=\"async\" src=\"https:\/\/brasil61.com\/api\/v1\/serve_pixel\/17677\/78866\" alt=\"Pixel Brasil 61\" class=\"b61_pixel\" width=\"0\" height=\"0\"><\/p>\n<input type=\"hidden\" id=\"baseurl\" value=\"https:\/\/noticiasdestaque.com.br\"><input type=\"hidden\" id=\"audio_nonce\" value=\"6f73a554f1\">","protected":false},"excerpt":{"rendered":"<p>O resultado veio em meio \u00e0 inclus\u00e3o das urg\u00eancias para dois projetos de lei da s\u00e9rie de medidas de ajuste fiscal na pauta do dia, por parte do presidente da C\u00e2mara dos Deputados, Arthur Lira<\/p>\n","protected":false},"author":1,"featured_media":40263,"comment_status":"open","ping_status":"open","sticky":false,"template":"","format":"standard","meta":{"fifu_image_url":"","fifu_image_alt":"","footnotes":""},"categories":[59],"tags":[],"class_list":["post-40262","post","type-post","status-publish","format-standard","has-post-thumbnail","hentry","category-economia"],"distributor_meta":false,"distributor_terms":false,"distributor_media":false,"distributor_original_site_name":"Noticias em Destaque","distributor_original_site_url":"https:\/\/noticiasdestaque.com.br","push-errors":false,"_links":{"self":[{"href":"https:\/\/noticiasdestaque.com.br\/index.php\/wp-json\/wp\/v2\/posts\/40262","targetHints":{"allow":["GET"]}}],"collection":[{"href":"https:\/\/noticiasdestaque.com.br\/index.php\/wp-json\/wp\/v2\/posts"}],"about":[{"href":"https:\/\/noticiasdestaque.com.br\/index.php\/wp-json\/wp\/v2\/types\/post"}],"author":[{"embeddable":true,"href":"https:\/\/noticiasdestaque.com.br\/index.php\/wp-json\/wp\/v2\/users\/1"}],"replies":[{"embeddable":true,"href":"https:\/\/noticiasdestaque.com.br\/index.php\/wp-json\/wp\/v2\/comments?post=40262"}],"version-history":[{"count":0,"href":"https:\/\/noticiasdestaque.com.br\/index.php\/wp-json\/wp\/v2\/posts\/40262\/revisions"}],"wp:featuredmedia":[{"embeddable":true,"href":"https:\/\/noticiasdestaque.com.br\/index.php\/wp-json\/wp\/v2\/media\/40263"}],"wp:attachment":[{"href":"https:\/\/noticiasdestaque.com.br\/index.php\/wp-json\/wp\/v2\/media?parent=40262"}],"wp:term":[{"taxonomy":"category","embeddable":true,"href":"https:\/\/noticiasdestaque.com.br\/index.php\/wp-json\/wp\/v2\/categories?post=40262"},{"taxonomy":"post_tag","embeddable":true,"href":"https:\/\/noticiasdestaque.com.br\/index.php\/wp-json\/wp\/v2\/tags?post=40262"}],"curies":[{"name":"wp","href":"https:\/\/api.w.org\/{rel}","templated":true}]}}