{"id":40226,"date":"2024-11-26T01:00:00","date_gmt":"2024-11-26T04:00:00","guid":{"rendered":"https:\/\/noticiasdestaque.com.br\/index.php\/2024\/11\/26\/ldo-e-loa-comissao-mista-de-orcamento-inicia-discussao-das-propostas-orcamentarias-de-2025-nesta-terca-26\/"},"modified":"2024-11-26T01:00:00","modified_gmt":"2024-11-26T04:00:00","slug":"ldo-e-loa-comissao-mista-de-orcamento-inicia-discussao-das-propostas-orcamentarias-de-2025-nesta-terca-26","status":"publish","type":"post","link":"https:\/\/noticiasdestaque.com.br\/index.php\/2024\/11\/26\/ldo-e-loa-comissao-mista-de-orcamento-inicia-discussao-das-propostas-orcamentarias-de-2025-nesta-terca-26\/","title":{"rendered":"LDO e LOA: Comiss\u00e3o Mista de Or\u00e7amento inicia discuss\u00e3o das propostas or\u00e7ament\u00e1rias de 2025 nesta ter\u00e7a (26)"},"content":{"rendered":"<p>\t\t\t\t\t\t\t\t\t\t<audio controls class=\"b61_audio_player\" data-noticia=\"78690\" src=\"https:\/\/brasil61.com\/rails\/active_storage\/blobs\/eyJfcmFpbHMiOnsibWVzc2FnZSI6IkJBaHBBeDRVQXc9PSIsImV4cCI6bnVsbCwicHVyIjoiYmxvYl9pZCJ9fQ==--4a3913de74ca7be3ff8dc0ea021abfee67674f66\/BRAS2413063A\"><\/audio><\/p>\n<p>Nesta ter\u00e7a-feira (26), a Comiss\u00e3o Mista de Or\u00e7amento (<a href=\"https:\/\/www.congressonacional.leg.br\/web\/cmo\" target=\"_blank\">CMO<\/a>) inicia a discuss\u00e3o \u00a0do projeto da Lei de Diretrizes Or\u00e7ament\u00e1rias de 2025 (LDO &#8211; PLN 3\/24) e do projeto do Or\u00e7amento de 2025 (LOA &#8211; PLN 26\/24). A reuni\u00e3o foi convocada pelo deputado J\u00falio Arcoverde (PP-PI), presidente do colegiado.<\/p>\n<p>Segundo a assessoria da CMO, a Consultoria Legislativa est\u00e1 elaborando uma Instru\u00e7\u00e3o Normativa que regulamentar\u00e1 a apresenta\u00e7\u00e3o das emendas parlamentares para o exerc\u00edcio de 2025, que deve ser analisada na reuni\u00e3o desta ter\u00e7a-feira (26).<\/p>\n<p>Inclusive, a comiss\u00e3o ainda precisa votar 7 medidas provis\u00f3rias e 6 projetos de lei de cr\u00e9ditos ao Or\u00e7amento de 2024.<\/p>\n<p>Junto \u00e0 discuss\u00e3o das propostas or\u00e7ament\u00e1rias de 2025 tamb\u00e9m ser\u00e1 realizada uma audi\u00eancia p\u00fablica para debater o Or\u00e7amento destinado \u00e0 mitiga\u00e7\u00e3o de desastres, cujo foco ser\u00e1 na preven\u00e7\u00e3o desses acontecimentos.<\/p>\n<p>Devem participar do debate representantes dos minist\u00e9rios das Cidades, do Meio Ambiente e Mudan\u00e7a do Clima, da Integra\u00e7\u00e3o e Desenvolvimento Regional, de Planejamento e Or\u00e7amento e\u00a0dos Povos Ind\u00edgenas. A reuni\u00e3o contar\u00e1, ainda, com representante do Conselho Nacional de Prote\u00e7\u00e3o e Defesa Civil.<\/p>\n<p>Os trabalhos da CMO devem ser r\u00e1pidos, em fun\u00e7\u00e3o\u00a0da vota\u00e7\u00e3o no Congresso do projeto que estabelece novas regras para as emendas parlamentares ao Or\u00e7amento da Uni\u00e3o (PLP 175\/24) a partir de questionamentos feitos pelo Supremo Tribunal Federal (STF). Com isso, a \u00a0comiss\u00e3o poder\u00e1 votar a LDO e a LOA.<\/p>\n<p><strong>Leia mais:<\/strong><\/p>\n<ul>\n<li><a href=\"https:\/\/brasil61.com\/n\/semana-no-congresso-reforma-tributaria-volta-a-ser-foco-das-atencoes-bras2413053\" target=\"_blank\">Semana no Congresso: reforma tribut\u00e1ria volta a ser foco das aten\u00e7\u00f5es<\/a><\/li>\n<li><a href=\"https:\/\/brasil61.com\/n\/gestores-publicos-intensificam-movimentacoes-para-aprovar-orcamento-municipal-dentro-do-prazo-bras2413057\" target=\"_blank\">Gestores p\u00fablicos intensificam movimenta\u00e7\u00f5es para aprovar or\u00e7amento municipal dentro do prazo<\/a><\/li>\n<\/ul>\n<p>\t\t\t\t\t\t\t\t\t<img loading=\"lazy\" decoding=\"async\" src=\"https:\/\/brasil61.com\/api\/v1\/serve_pixel\/17677\/78690\" alt=\"Pixel Brasil 61\" class=\"b61_pixel\" width=\"0\" height=\"0\"><\/p>\n<input type=\"hidden\" id=\"baseurl\" value=\"https:\/\/noticiasdestaque.com.br\"><input type=\"hidden\" id=\"audio_nonce\" value=\"6f73a554f1\">","protected":false},"excerpt":{"rendered":"<p>Tamb\u00e9m ser\u00e1 realizada audi\u00eancia p\u00fablica para debater o or\u00e7amento destinado \u00e0 mitiga\u00e7\u00e3o de desastres, com foco na preven\u00e7\u00e3o<\/p>\n","protected":false},"author":1,"featured_media":40227,"comment_status":"open","ping_status":"open","sticky":false,"template":"","format":"standard","meta":{"fifu_image_url":"","fifu_image_alt":"","footnotes":""},"categories":[50],"tags":[],"class_list":["post-40226","post","type-post","status-publish","format-standard","has-post-thumbnail","hentry","category-politica"],"distributor_meta":false,"distributor_terms":false,"distributor_media":false,"distributor_original_site_name":"Noticias em Destaque","distributor_original_site_url":"https:\/\/noticiasdestaque.com.br","push-errors":false,"_links":{"self":[{"href":"https:\/\/noticiasdestaque.com.br\/index.php\/wp-json\/wp\/v2\/posts\/40226","targetHints":{"allow":["GET"]}}],"collection":[{"href":"https:\/\/noticiasdestaque.com.br\/index.php\/wp-json\/wp\/v2\/posts"}],"about":[{"href":"https:\/\/noticiasdestaque.com.br\/index.php\/wp-json\/wp\/v2\/types\/post"}],"author":[{"embeddable":true,"href":"https:\/\/noticiasdestaque.com.br\/index.php\/wp-json\/wp\/v2\/users\/1"}],"replies":[{"embeddable":true,"href":"https:\/\/noticiasdestaque.com.br\/index.php\/wp-json\/wp\/v2\/comments?post=40226"}],"version-history":[{"count":0,"href":"https:\/\/noticiasdestaque.com.br\/index.php\/wp-json\/wp\/v2\/posts\/40226\/revisions"}],"wp:featuredmedia":[{"embeddable":true,"href":"https:\/\/noticiasdestaque.com.br\/index.php\/wp-json\/wp\/v2\/media\/40227"}],"wp:attachment":[{"href":"https:\/\/noticiasdestaque.com.br\/index.php\/wp-json\/wp\/v2\/media?parent=40226"}],"wp:term":[{"taxonomy":"category","embeddable":true,"href":"https:\/\/noticiasdestaque.com.br\/index.php\/wp-json\/wp\/v2\/categories?post=40226"},{"taxonomy":"post_tag","embeddable":true,"href":"https:\/\/noticiasdestaque.com.br\/index.php\/wp-json\/wp\/v2\/tags?post=40226"}],"curies":[{"name":"wp","href":"https:\/\/api.w.org\/{rel}","templated":true}]}}