{"id":40222,"date":"2024-11-19T00:02:00","date_gmt":"2024-11-19T03:02:00","guid":{"rendered":"https:\/\/noticiasdestaque.com.br\/index.php\/2024\/11\/19\/senado-conclui-votacao-de-destaques-sobre-emendas-parlamentares\/"},"modified":"2024-11-19T00:02:00","modified_gmt":"2024-11-19T03:02:00","slug":"senado-conclui-votacao-de-destaques-sobre-emendas-parlamentares","status":"publish","type":"post","link":"https:\/\/noticiasdestaque.com.br\/index.php\/2024\/11\/19\/senado-conclui-votacao-de-destaques-sobre-emendas-parlamentares\/","title":{"rendered":"Senado conclui vota\u00e7\u00e3o de destaques sobre emendas parlamentares"},"content":{"rendered":"<p>\t\t\t\t\t\t\t\t\t\t<audio controls class=\"b61_audio_player\" data-noticia=\"78587\" src=\"https:\/\/brasil61.com\/rails\/active_storage\/blobs\/eyJfcmFpbHMiOnsibWVzc2FnZSI6IkJBaHBBNndTQXc9PSIsImV4cCI6bnVsbCwicHVyIjoiYmxvYl9pZCJ9fQ==--ecd8803e5a0ddf407646c92488e5d7b216ba5408\/BRAS2413032A\"><\/audio><\/p>\n<p>A semana curta no Congresso \u2014 em fun\u00e7\u00e3o do feriado da pr\u00f3xima quarta-feira (20),\u00a0Dia da Consci\u00eancia Negra \u2014 acelerou a vota\u00e7\u00e3o do plen\u00e1rio sobre o projeto de lei complementar que trata das emendas parlamentares. Dos quatro destaques em pauta, o que permitia que o governo bloqueasse os recursos de emendas para cumprir a meta fiscal foi rejeitado por 47 votos a 14. Um senador se absteve.\u00a0<\/p>\n<p>Outro destaque que n\u00e3o passou foi o apresentado pelo Uni\u00e3o Brasil, que retirava o percentual m\u00ednimo de emendas de comiss\u00e3o destinadas a a\u00e7\u00f5es e servi\u00e7os p\u00fablicos de sa\u00fade. Assim, fica mantido o percentual de 50% de emendas para a \u00e1rea.\u00a0<\/p>\n<h2>Emendas de bancada<\/h2>\n<p>No substitutivo apresentado pelo senador \u00c2ngelo Coronel (PSD-BA) tamb\u00e9m foi ampliado\u00a0\u2014 de 8 para 10 \u2014 o n\u00famero das chamadas emendas de bancada, que s\u00e3o aquelas apresentadas por parlamentares representantes do mesmo estado.\u00a0<\/p>\n<p>Segundo o texto, os recursos desse tipo de emenda devem ser destinados a projetos de 21 \u00e1reas, como sa\u00fade, educa\u00e7\u00e3o e\u00a0transporte e\u00a0para a\u00e7\u00f5es e constru\u00e7\u00e3o de equipamentos p\u00fablicos considerados priorit\u00e1rios.<\/p>\n<h2>Emendas individuais<\/h2>\n<p>Um dos pontos que motivou a suspens\u00e3o das emendas pelo ministro do STF Fl\u00e1vio Dino, foi a falta de transpar\u00eancia dos repasses. O texto aprovado prev\u00ea uma s\u00e9rie de medidas para deixar as emendas audit\u00e1veis. A primeira delas \u00e9 que o autor da emenda precisa informar o objeto e o valor da transfer\u00eancia, priorizando obras inacabadas.<\/p>\n<h2>Emendas Pix<\/h2>\n<p>Os estados e munic\u00edpios que receberam as chamadas emendas Pix, que s\u00e3o transfer\u00eancias especiais, dever\u00e3o comunicar, em at\u00e9 30 dias, o valor recebido al\u00e9m do plano de trabalho e o cronograma da execu\u00e7\u00e3o da verba. Informa\u00e7\u00f5es que dever\u00e3o ser repassadas ao Poder Legislativo, ao Tribunal de Contas da Uni\u00e3o e aos tribunais de contas estaduais ou municipais.<\/p>\n<p>Com o projeto aprovado, a execu\u00e7\u00e3o de emendas dever\u00e1 ser destravada, j\u00e1 que os repasses est\u00e3o suspensos desde agosto pelo Supremo Tribunal Federal (STF) por falta de transpar\u00eancia. O texto volta agora \u00e0 C\u00e2mara para que as mudan\u00e7as sejam analisadas.<\/p>\n<p>\t\t\t\t\t\t\t\t\t<img loading=\"lazy\" decoding=\"async\" src=\"https:\/\/brasil61.com\/api\/v1\/serve_pixel\/17677\/78587\" alt=\"Pixel Brasil 61\" class=\"b61_pixel\" width=\"0\" height=\"0\"><\/p>\n<input type=\"hidden\" id=\"baseurl\" value=\"https:\/\/noticiasdestaque.com.br\"><input type=\"hidden\" id=\"audio_nonce\" value=\"eb7638fb71\">","protected":false},"excerpt":{"rendered":"<p>Destaque sobre possibilidade de bloqueio \u00e9 uma das emendas rejeitadas. Texto volta \u00e0 C\u00e2mara para nova an\u00e1lise <\/p>\n","protected":false},"author":1,"featured_media":40223,"comment_status":"open","ping_status":"open","sticky":false,"template":"","format":"standard","meta":{"fifu_image_url":"","fifu_image_alt":"","footnotes":""},"categories":[50],"tags":[],"class_list":["post-40222","post","type-post","status-publish","format-standard","has-post-thumbnail","hentry","category-politica"],"distributor_meta":false,"distributor_terms":false,"distributor_media":false,"distributor_original_site_name":"Noticias em Destaque","distributor_original_site_url":"https:\/\/noticiasdestaque.com.br","push-errors":false,"_links":{"self":[{"href":"https:\/\/noticiasdestaque.com.br\/index.php\/wp-json\/wp\/v2\/posts\/40222","targetHints":{"allow":["GET"]}}],"collection":[{"href":"https:\/\/noticiasdestaque.com.br\/index.php\/wp-json\/wp\/v2\/posts"}],"about":[{"href":"https:\/\/noticiasdestaque.com.br\/index.php\/wp-json\/wp\/v2\/types\/post"}],"author":[{"embeddable":true,"href":"https:\/\/noticiasdestaque.com.br\/index.php\/wp-json\/wp\/v2\/users\/1"}],"replies":[{"embeddable":true,"href":"https:\/\/noticiasdestaque.com.br\/index.php\/wp-json\/wp\/v2\/comments?post=40222"}],"version-history":[{"count":0,"href":"https:\/\/noticiasdestaque.com.br\/index.php\/wp-json\/wp\/v2\/posts\/40222\/revisions"}],"wp:featuredmedia":[{"embeddable":true,"href":"https:\/\/noticiasdestaque.com.br\/index.php\/wp-json\/wp\/v2\/media\/40223"}],"wp:attachment":[{"href":"https:\/\/noticiasdestaque.com.br\/index.php\/wp-json\/wp\/v2\/media?parent=40222"}],"wp:term":[{"taxonomy":"category","embeddable":true,"href":"https:\/\/noticiasdestaque.com.br\/index.php\/wp-json\/wp\/v2\/categories?post=40222"},{"taxonomy":"post_tag","embeddable":true,"href":"https:\/\/noticiasdestaque.com.br\/index.php\/wp-json\/wp\/v2\/tags?post=40222"}],"curies":[{"name":"wp","href":"https:\/\/api.w.org\/{rel}","templated":true}]}}