{"id":40212,"date":"2024-11-04T03:03:00","date_gmt":"2024-11-04T06:03:00","guid":{"rendered":"https:\/\/noticiasdestaque.com.br\/index.php\/2024\/11\/04\/semana-no-congresso-reforma-tributaria-e-regulacao-do-mercado-de-carbono-devem-ser-prioridade\/"},"modified":"2024-11-04T03:03:00","modified_gmt":"2024-11-04T06:03:00","slug":"semana-no-congresso-reforma-tributaria-e-regulacao-do-mercado-de-carbono-devem-ser-prioridade","status":"publish","type":"post","link":"https:\/\/noticiasdestaque.com.br\/index.php\/2024\/11\/04\/semana-no-congresso-reforma-tributaria-e-regulacao-do-mercado-de-carbono-devem-ser-prioridade\/","title":{"rendered":"Semana no Congresso: reforma tribut\u00e1ria e regula\u00e7\u00e3o do mercado de carbono devem ser prioridade"},"content":{"rendered":"<p>\t\t\t\t\t\t\t\t\t\t<audio controls class=\"b61_audio_player\" data-noticia=\"78337\" src=\"https:\/\/brasil61.com\/rails\/active_storage\/blobs\/eyJfcmFpbHMiOnsibWVzc2FnZSI6IkJBaHBBK3NOQXc9PSIsImV4cCI6bnVsbCwicHVyIjoiYmxvYl9pZCJ9fQ==--84f192066cfbd5ba9c53013485559cf30d4f79f6\/BRAS2412936A\"><\/audio><\/p>\n<p>O Congresso promete ter uma semana agitada, com os olhos voltados para a sucess\u00e3o da presid\u00eancia da C\u00e2mara e muitas pautas importantes ainda pendentes.<\/p>\n<p>Parlamentares correm para ouvir os setores ligados \u00e0 reforma tribut\u00e1ria ainda em discuss\u00e3o na Comiss\u00e3o de Constitui\u00e7\u00e3o e Justi\u00e7a do Senado, onde est\u00e3o sendo feitas audi\u00eancias p\u00fablicas.\u00a0<\/p>\n<p>A pressa \u00e9 para votar tudo antes do fim do ano\u00a0e os presidentes Artur Lira e Rodrigo Pacheco \u201cdeixarem seus mandatos sendo reconhecidos como aqueles que encaminharam a solu\u00e7\u00e3o de um problema hist\u00f3rico no Brasil, esperada h\u00e1 30 anos\u201d, avalia o cientista pol\u00edtico Eduardo Grin.\u00a0<\/p>\n<h2>Mercado de carbono<\/h2>\n<p>Para avan\u00e7ar com a agenda verde no pa\u00eds, a regulamenta\u00e7\u00e3o do texto que trata sobre o mercado de carbono deve ser votada o quanto antes. A previs\u00e3o \u00e9 que o pa\u00eds siga para a COP 29 \u2014 que acontece entre os pr\u00f3ximos dias 11 e 22 no Azerbaij\u00e3o \u2014 j\u00e1 com o texto aprovado.\u00a0<\/p>\n<h2>Emendas parlamentares<\/h2>\n<p>A semana tamb\u00e9m come\u00e7a tendo a discuss\u00e3o sobre as emendas parlamentares como prioridade \u2014 j\u00e1 que o Congresso ainda n\u00e3o votou a Lei de Diretrizes\u00a0Or\u00e7ament\u00e1rias (LDO) e precisa apertar o passo para essa vota\u00e7\u00e3o. \u201cSer\u00e1 fundamental garantir o espa\u00e7o das emendas\u201d, avalia Grin. Segundo o analista, o aumento do peso das emendas parlamentares \u2014 a exemplo do que aconteceu nas elei\u00e7\u00f5es municipais \u2014 ser\u00e1 \u201cvital\u201d para garantir as pr\u00f3ximas elei\u00e7\u00f5es de 2026, quando os parlamentares concorrer\u00e3o \u00e0 reelei\u00e7\u00e3o e a novos cargos.\u00a0<\/p>\n<h2>G20<\/h2>\n<p>Em fun\u00e7\u00e3o\u00a0da 10\u00aa C\u00fapula de Presidentes dos Parlamentos do G20 \u2014 que acontece nas instala\u00e7\u00f5es do Congresso Nacional, as atividades legislativas estar\u00e3o suspensas entre os dias 6 e 8 \u2014 de quarta a sexta-feira.\u00a0<\/p>\n<p>\t\t\t\t\t\t\t\t\t<img loading=\"lazy\" decoding=\"async\" src=\"https:\/\/brasil61.com\/api\/v1\/serve_pixel\/17677\/78337\" alt=\"Pixel Brasil 61\" class=\"b61_pixel\" width=\"0\" height=\"0\"><\/p>\n<input type=\"hidden\" id=\"baseurl\" value=\"https:\/\/noticiasdestaque.com.br\"><input type=\"hidden\" id=\"audio_nonce\" value=\"6f73a554f1\">","protected":false},"excerpt":{"rendered":"<p>Com prazo apertado para votar a regulamenta\u00e7\u00e3o da reforma tribut\u00e1ria, audi\u00eancias p\u00fablicas continuam debatendo o tema na CCJ. Governo e Legislativo se re\u00fanem para regulamentar mercado de carbono antes da COP 29 <\/p>\n","protected":false},"author":1,"featured_media":40213,"comment_status":"open","ping_status":"open","sticky":false,"template":"","format":"standard","meta":{"fifu_image_url":"","fifu_image_alt":"","footnotes":""},"categories":[50],"tags":[],"class_list":["post-40212","post","type-post","status-publish","format-standard","has-post-thumbnail","hentry","category-politica"],"distributor_meta":false,"distributor_terms":false,"distributor_media":false,"distributor_original_site_name":"Noticias em Destaque","distributor_original_site_url":"https:\/\/noticiasdestaque.com.br","push-errors":false,"_links":{"self":[{"href":"https:\/\/noticiasdestaque.com.br\/index.php\/wp-json\/wp\/v2\/posts\/40212","targetHints":{"allow":["GET"]}}],"collection":[{"href":"https:\/\/noticiasdestaque.com.br\/index.php\/wp-json\/wp\/v2\/posts"}],"about":[{"href":"https:\/\/noticiasdestaque.com.br\/index.php\/wp-json\/wp\/v2\/types\/post"}],"author":[{"embeddable":true,"href":"https:\/\/noticiasdestaque.com.br\/index.php\/wp-json\/wp\/v2\/users\/1"}],"replies":[{"embeddable":true,"href":"https:\/\/noticiasdestaque.com.br\/index.php\/wp-json\/wp\/v2\/comments?post=40212"}],"version-history":[{"count":0,"href":"https:\/\/noticiasdestaque.com.br\/index.php\/wp-json\/wp\/v2\/posts\/40212\/revisions"}],"wp:featuredmedia":[{"embeddable":true,"href":"https:\/\/noticiasdestaque.com.br\/index.php\/wp-json\/wp\/v2\/media\/40213"}],"wp:attachment":[{"href":"https:\/\/noticiasdestaque.com.br\/index.php\/wp-json\/wp\/v2\/media?parent=40212"}],"wp:term":[{"taxonomy":"category","embeddable":true,"href":"https:\/\/noticiasdestaque.com.br\/index.php\/wp-json\/wp\/v2\/categories?post=40212"},{"taxonomy":"post_tag","embeddable":true,"href":"https:\/\/noticiasdestaque.com.br\/index.php\/wp-json\/wp\/v2\/tags?post=40212"}],"curies":[{"name":"wp","href":"https:\/\/api.w.org\/{rel}","templated":true}]}}