{"id":40203,"date":"2024-12-02T18:00:00","date_gmt":"2024-12-02T21:00:00","guid":{"rendered":"https:\/\/noticiasdestaque.com.br\/index.php\/2024\/12\/02\/previsao-do-tempo-nordeste-do-pais-tera-ceu-variando-entre-muitas-e-poucas-nuvens-em-boa-parte-da-regiao-nesta-terca-feira-3\/"},"modified":"2024-12-02T18:00:00","modified_gmt":"2024-12-02T21:00:00","slug":"previsao-do-tempo-nordeste-do-pais-tera-ceu-variando-entre-muitas-e-poucas-nuvens-em-boa-parte-da-regiao-nesta-terca-feira-3","status":"publish","type":"post","link":"https:\/\/noticiasdestaque.com.br\/index.php\/2024\/12\/02\/previsao-do-tempo-nordeste-do-pais-tera-ceu-variando-entre-muitas-e-poucas-nuvens-em-boa-parte-da-regiao-nesta-terca-feira-3\/","title":{"rendered":"PREVIS\u00c3O DO TEMPO: Nordeste do pa\u00eds ter\u00e1 c\u00e9u variando entre muitas e poucas nuvens em boa parte da regi\u00e3o nesta ter\u00e7a-feira (3)"},"content":{"rendered":"<p>\t\t\t\t\t\t\t\t\t\t<audio controls class=\"b61_audio_player\" data-noticia=\"78829\" src=\"https:\/\/brasil61.com\/rails\/active_storage\/blobs\/eyJfcmFpbHMiOnsibWVzc2FnZSI6IkJBaHBBM01YQXc9PSIsImV4cCI6bnVsbCwicHVyIjoiYmxvYl9pZCJ9fQ==--2026f4bc47eee7bba42346fbcef9d9d09c4baf55\/PTND244508A\"><\/audio><\/p>\n<p>Nesta ter\u00e7a-feira (3), o c\u00e9u do Nordeste do pa\u00eds varia entre muitas e poucas nuvens em boa parte da regi\u00e3o ao longo do dia. A condi\u00e7\u00e3o poder\u00e1 ser notada no Rio Grande do Norte, Cear\u00e1, Pernambuco, Para\u00edba, Alagoas, Sergipe e no litoral da Bahia.\u00a0<\/p>\n<p>Entre as capitais, Recife e Natal ter\u00e3o c\u00e9u com muitas nuvens e chuva isolada ao amanhecer.\u00a0<\/p>\n<p>H\u00e1 alerta para chuvas intensas pela manh\u00e3 nos estados do Cear\u00e1, Maranh\u00e3o e Piau\u00ed. As \u00e1reas afetadas ser\u00e3o oeste, sul, centro e leste maranhense; centro-norte, sudeste e sudoeste piauiense e sul, centro-sul e sert\u00f5es cearenses. \u00a0<br \/>\n\u00a0<br \/>\nEm rela\u00e7\u00e3o \u00e0s temperaturas nas capitais, a m\u00ednima prevista \u00e9 de 22\u00b0C, em Salvador. J\u00e1 a m\u00e1xima pode chegar a 34\u00b0C, em Teresina. A umidade relativa do ar varia entre 50% e 95%.<\/p>\n<p>As informa\u00e7\u00f5es s\u00e3o do Instituto Nacional de Meteorologia. \u00a0<\/p>\n<p>\u00a0<\/p>\n<p>\t\t\t\t\t\t\t\t\t<img loading=\"lazy\" decoding=\"async\" src=\"https:\/\/brasil61.com\/api\/v1\/serve_pixel\/17677\/78829\" alt=\"Pixel Brasil 61\" class=\"b61_pixel\" width=\"0\" height=\"0\"><\/p>\n<input type=\"hidden\" id=\"baseurl\" value=\"https:\/\/noticiasdestaque.com.br\"><input type=\"hidden\" id=\"audio_nonce\" value=\"6f73a554f1\">","protected":false},"excerpt":{"rendered":"<p>H\u00e1 alerta para chuvas intensas pela manh\u00e3 no CE, MA e PI<\/p>\n","protected":false},"author":1,"featured_media":0,"comment_status":"open","ping_status":"open","sticky":false,"template":"","format":"standard","meta":{"fifu_image_url":"","fifu_image_alt":"","footnotes":""},"categories":[58],"tags":[],"class_list":["post-40203","post","type-post","status-publish","format-standard","hentry","category-cotidiano"],"distributor_meta":false,"distributor_terms":false,"distributor_media":false,"distributor_original_site_name":"Noticias em Destaque","distributor_original_site_url":"https:\/\/noticiasdestaque.com.br","push-errors":false,"_links":{"self":[{"href":"https:\/\/noticiasdestaque.com.br\/index.php\/wp-json\/wp\/v2\/posts\/40203","targetHints":{"allow":["GET"]}}],"collection":[{"href":"https:\/\/noticiasdestaque.com.br\/index.php\/wp-json\/wp\/v2\/posts"}],"about":[{"href":"https:\/\/noticiasdestaque.com.br\/index.php\/wp-json\/wp\/v2\/types\/post"}],"author":[{"embeddable":true,"href":"https:\/\/noticiasdestaque.com.br\/index.php\/wp-json\/wp\/v2\/users\/1"}],"replies":[{"embeddable":true,"href":"https:\/\/noticiasdestaque.com.br\/index.php\/wp-json\/wp\/v2\/comments?post=40203"}],"version-history":[{"count":0,"href":"https:\/\/noticiasdestaque.com.br\/index.php\/wp-json\/wp\/v2\/posts\/40203\/revisions"}],"wp:attachment":[{"href":"https:\/\/noticiasdestaque.com.br\/index.php\/wp-json\/wp\/v2\/media?parent=40203"}],"wp:term":[{"taxonomy":"category","embeddable":true,"href":"https:\/\/noticiasdestaque.com.br\/index.php\/wp-json\/wp\/v2\/categories?post=40203"},{"taxonomy":"post_tag","embeddable":true,"href":"https:\/\/noticiasdestaque.com.br\/index.php\/wp-json\/wp\/v2\/tags?post=40203"}],"curies":[{"name":"wp","href":"https:\/\/api.w.org\/{rel}","templated":true}]}}