{"id":40197,"date":"2024-12-02T18:00:00","date_gmt":"2024-12-02T21:00:00","guid":{"rendered":"https:\/\/noticiasdestaque.com.br\/index.php\/2024\/12\/02\/previsao-do-tempo-sudeste-do-pais-tera-tempestade-em-boa-parte-da-regiao-nesta-terca-feira-3\/"},"modified":"2024-12-02T18:00:00","modified_gmt":"2024-12-02T21:00:00","slug":"previsao-do-tempo-sudeste-do-pais-tera-tempestade-em-boa-parte-da-regiao-nesta-terca-feira-3","status":"publish","type":"post","link":"https:\/\/noticiasdestaque.com.br\/index.php\/2024\/12\/02\/previsao-do-tempo-sudeste-do-pais-tera-tempestade-em-boa-parte-da-regiao-nesta-terca-feira-3\/","title":{"rendered":"PREVIS\u00c3O DO TEMPO: Sudeste do pa\u00eds ter\u00e1 tempestade em boa parte da regi\u00e3o nesta ter\u00e7a-feira (3)"},"content":{"rendered":"<p>\t\t\t\t\t\t\t\t\t\t<audio controls class=\"b61_audio_player\" data-noticia=\"78826\" src=\"https:\/\/brasil61.com\/rails\/active_storage\/blobs\/eyJfcmFpbHMiOnsibWVzc2FnZSI6IkJBaHBBM0VYQXc9PSIsImV4cCI6bnVsbCwicHVyIjoiYmxvYl9pZCJ9fQ==--f0563939eeb9a0a304c2be83994ab6f16d5bcf0b\/PTSD243899A\"><\/audio><\/p>\n<p>A ter\u00e7a-feira (3) no Sudeste do pa\u00eds tem alerta de perigo de tempestade em boa parte da regi\u00e3o. As \u00e1reas afetadas abrangem todo o estado de S\u00e3o Paulo e do Rio de Janeiro, com chuva entre 30 e 60 mm\/h, e h\u00e1 risco de queda de \u00e1rvores e de alagamentos.\u00a0<\/p>\n<p>O alerta de tempestade tamb\u00e9m serve para Minas Gerais\u00a0e deve afetar o Tri\u00e2ngulo Mineiro e a central mineira. J\u00e1 para o nordeste de Minas a previs\u00e3o \u00e9 de muitas nuvens. Para as demais regi\u00f5es mineiras h\u00e1 possibilidade de chuva isolada.\u00a0<\/p>\n<p>O Esp\u00edrito Santo deve ter muitas nuvens com possibilidade de chuva isolada no norte. J\u00e1 o sul esp\u00edrito-santense deve ter muitas nuvens com pancadas de chuva e trovoadas isoladas.<\/p>\n<p>Entre as capitais, a temperatura m\u00ednima prevista \u00e9 de 17\u00b0C, em S\u00e3o Paulo. J\u00e1 a m\u00e1xima pode chegar a 35\u00b0C, em Vit\u00f3ria. A umidade relativa do ar varia entre 30% e 100%.<\/p>\n<p>As informa\u00e7\u00f5es s\u00e3o do Instituto Nacional de Meteorologia. \u00a0<\/p>\n<p>\n\u00a0<\/p>\n<p>\t\t\t\t\t\t\t\t\t<img loading=\"lazy\" decoding=\"async\" src=\"https:\/\/brasil61.com\/api\/v1\/serve_pixel\/17677\/78826\" alt=\"Pixel Brasil 61\" class=\"b61_pixel\" width=\"0\" height=\"0\"><\/p>\n<input type=\"hidden\" id=\"baseurl\" value=\"https:\/\/noticiasdestaque.com.br\"><input type=\"hidden\" id=\"audio_nonce\" value=\"6f73a554f1\">","protected":false},"excerpt":{"rendered":"<p>O alerta \u00e9 de perigo em todo o estado de SP e do RJ, al\u00e9m de parte de MG<\/p>\n","protected":false},"author":1,"featured_media":40198,"comment_status":"open","ping_status":"open","sticky":false,"template":"","format":"standard","meta":{"fifu_image_url":"","fifu_image_alt":"","footnotes":""},"categories":[58],"tags":[],"class_list":["post-40197","post","type-post","status-publish","format-standard","has-post-thumbnail","hentry","category-cotidiano"],"distributor_meta":false,"distributor_terms":false,"distributor_media":false,"distributor_original_site_name":"Noticias em Destaque","distributor_original_site_url":"https:\/\/noticiasdestaque.com.br","push-errors":false,"_links":{"self":[{"href":"https:\/\/noticiasdestaque.com.br\/index.php\/wp-json\/wp\/v2\/posts\/40197","targetHints":{"allow":["GET"]}}],"collection":[{"href":"https:\/\/noticiasdestaque.com.br\/index.php\/wp-json\/wp\/v2\/posts"}],"about":[{"href":"https:\/\/noticiasdestaque.com.br\/index.php\/wp-json\/wp\/v2\/types\/post"}],"author":[{"embeddable":true,"href":"https:\/\/noticiasdestaque.com.br\/index.php\/wp-json\/wp\/v2\/users\/1"}],"replies":[{"embeddable":true,"href":"https:\/\/noticiasdestaque.com.br\/index.php\/wp-json\/wp\/v2\/comments?post=40197"}],"version-history":[{"count":0,"href":"https:\/\/noticiasdestaque.com.br\/index.php\/wp-json\/wp\/v2\/posts\/40197\/revisions"}],"wp:featuredmedia":[{"embeddable":true,"href":"https:\/\/noticiasdestaque.com.br\/index.php\/wp-json\/wp\/v2\/media\/40198"}],"wp:attachment":[{"href":"https:\/\/noticiasdestaque.com.br\/index.php\/wp-json\/wp\/v2\/media?parent=40197"}],"wp:term":[{"taxonomy":"category","embeddable":true,"href":"https:\/\/noticiasdestaque.com.br\/index.php\/wp-json\/wp\/v2\/categories?post=40197"},{"taxonomy":"post_tag","embeddable":true,"href":"https:\/\/noticiasdestaque.com.br\/index.php\/wp-json\/wp\/v2\/tags?post=40197"}],"curies":[{"name":"wp","href":"https:\/\/api.w.org\/{rel}","templated":true}]}}