{"id":40187,"date":"2024-12-03T00:01:00","date_gmt":"2024-12-03T03:01:00","guid":{"rendered":"https:\/\/noticiasdestaque.com.br\/index.php\/2024\/12\/03\/nova-isencao-proposta-pelo-governo-gera-impacto-de-r-20-bilhoes-aos-municipios-estima-cnm\/"},"modified":"2024-12-03T00:01:00","modified_gmt":"2024-12-03T03:01:00","slug":"nova-isencao-proposta-pelo-governo-gera-impacto-de-r-20-bilhoes-aos-municipios-estima-cnm","status":"publish","type":"post","link":"https:\/\/noticiasdestaque.com.br\/index.php\/2024\/12\/03\/nova-isencao-proposta-pelo-governo-gera-impacto-de-r-20-bilhoes-aos-municipios-estima-cnm\/","title":{"rendered":"Nova isen\u00e7\u00e3o proposta pelo governo gera impacto de R$ 20 bilh\u00f5es aos munic\u00edpios, estima CNM"},"content":{"rendered":"<p>\t\t\t\t\t\t\t\t\t\t<audio controls class=\"b61_audio_player\" data-noticia=\"78824\" src=\"https:\/\/brasil61.com\/rails\/active_storage\/blobs\/eyJfcmFpbHMiOnsibWVzc2FnZSI6IkJBaHBBM2NYQXc9PSIsImV4cCI6bnVsbCwicHVyIjoiYmxvYl9pZCJ9fQ==--c61b1454070fa0779a97e7ca872251e3cd9d0605\/BRAS2413104A\"><\/audio><\/p>\n<p>A proposta de ampliar a faixa de isen\u00e7\u00e3o do Imposto de Renda Retido na Fonte at\u00e9 R$ 5 mil trouxe preocupa\u00e7\u00e3o \u00e0s prefeituras brasileiras, de acordo a Confedera\u00e7\u00e3o Nacional de Munic\u00edpios (CNM). A entidade estima uma perda anual de R$ 9 bilh\u00f5es com essa decis\u00e3o, j\u00e1 que afetar\u00e1 os isentos, assim como os servidores que ganham acima do valor m\u00ednimo com al\u00edquotas menores.<\/p>\n<p>A CNM lembra, ainda, que o impacto do Imposto de Renda nos munic\u00edpios acontece por duas vias: pela arrecada\u00e7\u00e3o direta do imposto dos servidores e pela porcentagem referente ao Fundo de Participa\u00e7\u00e3o dos Munic\u00edpios (FPM).\u00a0<\/p>\n<p>Nesse \u00faltimo caso o impacto ainda \u00e9 incerto, pois ainda n\u00e3o se sabe qual o volume de recursos de imposto de renda ser\u00e1 arrecadado pelos estratos de renda mais elevados. Mas, apenas a isen\u00e7\u00e3o para quem ganha at\u00e9 R$ 5 mil j\u00e1 forneceria uma redu\u00e7\u00e3o de FPM de R$ 11,6 bilh\u00f5es, somando, no agregado, cerca de R$ 20 bilh\u00f5es de perda.<\/p>\n<p>Diante disso, a entidade considera que \u201ca medida mostra falta de seriedade e que boa parte dos impactos dessa proposta ser\u00e1 sentida pelos Entes locais.\u201d A CNM tamb\u00e9m entende que outras medidas anunciadas geram impacto para as prefeituras, sobretudo as que envolvem o Benef\u00edcio de Presta\u00e7\u00e3o Continuada (BPC) e o Bolsa Fam\u00edlia.\u00a0<\/p>\n<p>Para esses dois benef\u00edcios, foi anunciado mais rigor nas regras de acesso, assim como o aumento de obrigatoriedades. De acordo com a CNM, para os munic\u00edpios, essas determina\u00e7\u00f5es representam imposi\u00e7\u00e3o de obriga\u00e7\u00e3o sem indica\u00e7\u00e3o de suplementa\u00e7\u00e3o dos recursos, j\u00e1 que os munic\u00edpios contam com somente R$ 4 por cadastro do Bolsa Fam\u00edlia e precisam bancar com os custos de pessoal para executar essa atividade.<\/p>\n<p>Outra cr\u00edtica apresentada pela CNM diz respeito \u00e0s mudan\u00e7as referentes \u00e0s emendas parlamentares, j\u00e1 que o pacote restringe emendas nas despesas discricion\u00e1rias do Poder Executivo e tamb\u00e9m veda crescimento real das emendas n\u00e3o impositivas, entre outros pontos. Na avalia\u00e7\u00e3o da entidade, na pr\u00e1tica, isso significa menores recursos e maior burocratiza\u00e7\u00e3o para a libera\u00e7\u00e3o dos repasses por parte dos munic\u00edpios.<\/p>\n<p>\n\u00a0<\/p>\n<p>\t\t\t\t\t\t\t\t\t<img loading=\"lazy\" decoding=\"async\" src=\"https:\/\/brasil61.com\/api\/v1\/serve_pixel\/17677\/78824\" alt=\"Pixel Brasil 61\" class=\"b61_pixel\" width=\"0\" height=\"0\"><\/p>\n<input type=\"hidden\" id=\"baseurl\" value=\"https:\/\/noticiasdestaque.com.br\"><input type=\"hidden\" id=\"audio_nonce\" value=\"6f73a554f1\">","protected":false},"excerpt":{"rendered":"<p>Outra cr\u00edtica apresentada pela CNM diz respeito \u00e0s mudan\u00e7as referentes \u00e0s emendas parlamentares, j\u00e1 que o pacote restringe emendas nas despesas discricion\u00e1rias do Poder Executivo e tamb\u00e9m veda crescimento real das emendas n\u00e3o impositivas<\/p>\n","protected":false},"author":1,"featured_media":40188,"comment_status":"open","ping_status":"open","sticky":false,"template":"","format":"standard","meta":{"fifu_image_url":"","fifu_image_alt":"","footnotes":""},"categories":[59],"tags":[],"class_list":["post-40187","post","type-post","status-publish","format-standard","has-post-thumbnail","hentry","category-economia"],"distributor_meta":false,"distributor_terms":false,"distributor_media":false,"distributor_original_site_name":"Noticias em Destaque","distributor_original_site_url":"https:\/\/noticiasdestaque.com.br","push-errors":false,"_links":{"self":[{"href":"https:\/\/noticiasdestaque.com.br\/index.php\/wp-json\/wp\/v2\/posts\/40187","targetHints":{"allow":["GET"]}}],"collection":[{"href":"https:\/\/noticiasdestaque.com.br\/index.php\/wp-json\/wp\/v2\/posts"}],"about":[{"href":"https:\/\/noticiasdestaque.com.br\/index.php\/wp-json\/wp\/v2\/types\/post"}],"author":[{"embeddable":true,"href":"https:\/\/noticiasdestaque.com.br\/index.php\/wp-json\/wp\/v2\/users\/1"}],"replies":[{"embeddable":true,"href":"https:\/\/noticiasdestaque.com.br\/index.php\/wp-json\/wp\/v2\/comments?post=40187"}],"version-history":[{"count":0,"href":"https:\/\/noticiasdestaque.com.br\/index.php\/wp-json\/wp\/v2\/posts\/40187\/revisions"}],"wp:featuredmedia":[{"embeddable":true,"href":"https:\/\/noticiasdestaque.com.br\/index.php\/wp-json\/wp\/v2\/media\/40188"}],"wp:attachment":[{"href":"https:\/\/noticiasdestaque.com.br\/index.php\/wp-json\/wp\/v2\/media?parent=40187"}],"wp:term":[{"taxonomy":"category","embeddable":true,"href":"https:\/\/noticiasdestaque.com.br\/index.php\/wp-json\/wp\/v2\/categories?post=40187"},{"taxonomy":"post_tag","embeddable":true,"href":"https:\/\/noticiasdestaque.com.br\/index.php\/wp-json\/wp\/v2\/tags?post=40187"}],"curies":[{"name":"wp","href":"https:\/\/api.w.org\/{rel}","templated":true}]}}