{"id":40177,"date":"2024-11-30T00:02:00","date_gmt":"2024-11-30T03:02:00","guid":{"rendered":"https:\/\/noticiasdestaque.com.br\/index.php\/2024\/11\/30\/pacote-fiscal-fundo-constitucional-do-df-em-risco\/"},"modified":"2024-11-30T00:02:00","modified_gmt":"2024-11-30T03:02:00","slug":"pacote-fiscal-fundo-constitucional-do-df-em-risco","status":"publish","type":"post","link":"https:\/\/noticiasdestaque.com.br\/index.php\/2024\/11\/30\/pacote-fiscal-fundo-constitucional-do-df-em-risco\/","title":{"rendered":"Pacote fiscal: Fundo Constitucional do DF em risco"},"content":{"rendered":"<p>\t\t\t\t\t\t\t\t\t\t<audio controls class=\"b61_audio_player\" data-noticia=\"78787\" src=\"https:\/\/brasil61.com\/rails\/active_storage\/blobs\/eyJfcmFpbHMiOnsibWVzc2FnZSI6IkJBaHBBODhXQXc9PSIsImV4cCI6bnVsbCwicHVyIjoiYmxvYl9pZCJ9fQ==--75003c39a8afb9414fb5be5961dc0dd1e4d73f0e\/BRAS2413094A\"><\/audio><\/p>\n<p>A not\u00edcia n\u00e3o \u00e9 repetida. O Fundo Constitucional do DF est\u00e1 novamente em risco. \u00c9 que os repasses da Uni\u00e3o para o Governo do Distrito Federal, previsto na Constitui\u00e7\u00e3o para ajudar no custeio de diversas \u00e1reas, voltou a fazer parte do corte de gastos. Dessa vez, o novo pacote fiscal do Ministro Haddad prev\u00ea mudan\u00e7as na forma de c\u00e1lculo dos valores.<\/p>\n<p>A proposta anunciada pelo ministro na \u00faltima quinta (28) prev\u00ea que o fundo passe a ser reajustado anualmente pelo \u00cdndice Nacional de Pre\u00e7os ao Consumidor (IPCA). Hoje, os valores s\u00e3o corrigidos com base na varia\u00e7\u00e3o da Receita Corrente L\u00edquida (RCL). Uma mudan\u00e7a que pode ultrapassar R$ 800 milh\u00f5es por ano em perdas para a arrecada\u00e7\u00e3o do DF.\u00a0<\/p>\n<p><a href=\"https:\/\/brasil61.com\/n\/disparada-do-dolar-e-alta-nos-juros-futuros-como-o-mercado-reagiu-ao-anuncio-do-corte-de-gastos-do-governo-bras2413089\">Disparada do d\u00f3lar e alta nos juros futuros; como o mercado reagiu ao an\u00fancio do corte de gastos do governo<\/a><\/p>\n<h2>Rea\u00e7\u00e3o dos poderes<\/h2>\n<p>A not\u00edcia n\u00e3o caiu bem. O Pal\u00e1cio do Buriti reagiu com uma postagem feita pelo governador Ibaneis Rocha (MDB) nas redes sociais, que dizia:<\/p>\n<blockquote>\n<p>\u201cSou contr\u00e1rio \u00e0 proposta e tenho certeza de que toda a classe pol\u00edtica do Distrito Federal e brasileira, bem como as lideran\u00e7as do Congresso Nacional, entendem que o Fundo Constitucional \u00e9 importante para n\u00f3s e concorda que essa medida \u00e9 insustent\u00e1vel e prejudicial para nossa cidade. Eu, juntamente com os demais parlamentares, deputados federais, distritais e senadores, vou trabalhar para que isso seja apenas mais uma especula\u00e7\u00e3o. O governo federal precisa compreender a import\u00e2ncia do Fundo Constitucional para o DF, que abriga e sustenta todos os poderes.\u201d<\/p>\n<\/blockquote>\n<p>Em nota oficial, a C\u00e2mara Legislativa tamb\u00e9m manifestou preocupa\u00e7\u00e3o com a medida.<\/p>\n<blockquote>\n<p>\u201cA previs\u00e3o feita pelo ministro da Fazenda, na manh\u00e3 desta quinta-feira (28), traria impactos negativos para toda a popula\u00e7\u00e3o, uma vez que atingiria diretamente a seguran\u00e7a p\u00fablica, a sa\u00fade e a educa\u00e7\u00e3o. N\u00f3s, deputados distritais, acreditamos no di\u00e1logo como ferramenta para a resolu\u00e7\u00e3o do tema, apresentando as caracter\u00edsticas que diferem o Distrito Federal dos demais estados. Entendemos a realidade financeira do pa\u00eds e a necessidade de controle dos gastos p\u00fablicos, mas discordamos da poss\u00edvel mudan\u00e7a apontada.\u201d<\/p>\n<\/blockquote>\n<h2>Fundo Constitucional do DF<\/h2>\n<p>O Fundo Constitucional do Distrito Federal (FCDF) \u00e9 um recurso que financia a manuten\u00e7\u00e3o e a organiza\u00e7\u00e3o das for\u00e7as de seguran\u00e7a, custeando pol\u00edcias e Corpo de Bombeiros. Al\u00e9m de ser destinado \u00e0 complementa\u00e7\u00e3o dos repasses \u00e0 sa\u00fade e \u00e0 educa\u00e7\u00e3o. Os valores do FCDF v\u00eam da Uni\u00e3o e s\u00e3o reajustados anualmente com base na varia\u00e7\u00e3o da Receita Corrente L\u00edquida (RCL).\u00a0<br \/>\n\u00a0<\/p>\n<p>\t\t\t\t\t\t\t\t\t<img loading=\"lazy\" decoding=\"async\" src=\"https:\/\/brasil61.com\/api\/v1\/serve_pixel\/17677\/78787\" alt=\"Pixel Brasil 61\" class=\"b61_pixel\" width=\"0\" height=\"0\"><\/p>\n<input type=\"hidden\" id=\"baseurl\" value=\"https:\/\/noticiasdestaque.com.br\"><input type=\"hidden\" id=\"audio_nonce\" value=\"6f73a554f1\">","protected":false},"excerpt":{"rendered":"<p>Custeio da seguran\u00e7a p\u00fablica e de \u00e1reas como sa\u00fade de educa\u00e7\u00e3o do DF, custeados com verbas do Fundo, podem ser afetadas com cortes <\/p>\n","protected":false},"author":1,"featured_media":40178,"comment_status":"open","ping_status":"open","sticky":false,"template":"","format":"standard","meta":{"fifu_image_url":"","fifu_image_alt":"","footnotes":""},"categories":[59],"tags":[],"class_list":["post-40177","post","type-post","status-publish","format-standard","has-post-thumbnail","hentry","category-economia"],"distributor_meta":false,"distributor_terms":false,"distributor_media":false,"distributor_original_site_name":"Noticias em Destaque","distributor_original_site_url":"https:\/\/noticiasdestaque.com.br","push-errors":false,"_links":{"self":[{"href":"https:\/\/noticiasdestaque.com.br\/index.php\/wp-json\/wp\/v2\/posts\/40177","targetHints":{"allow":["GET"]}}],"collection":[{"href":"https:\/\/noticiasdestaque.com.br\/index.php\/wp-json\/wp\/v2\/posts"}],"about":[{"href":"https:\/\/noticiasdestaque.com.br\/index.php\/wp-json\/wp\/v2\/types\/post"}],"author":[{"embeddable":true,"href":"https:\/\/noticiasdestaque.com.br\/index.php\/wp-json\/wp\/v2\/users\/1"}],"replies":[{"embeddable":true,"href":"https:\/\/noticiasdestaque.com.br\/index.php\/wp-json\/wp\/v2\/comments?post=40177"}],"version-history":[{"count":0,"href":"https:\/\/noticiasdestaque.com.br\/index.php\/wp-json\/wp\/v2\/posts\/40177\/revisions"}],"wp:featuredmedia":[{"embeddable":true,"href":"https:\/\/noticiasdestaque.com.br\/index.php\/wp-json\/wp\/v2\/media\/40178"}],"wp:attachment":[{"href":"https:\/\/noticiasdestaque.com.br\/index.php\/wp-json\/wp\/v2\/media?parent=40177"}],"wp:term":[{"taxonomy":"category","embeddable":true,"href":"https:\/\/noticiasdestaque.com.br\/index.php\/wp-json\/wp\/v2\/categories?post=40177"},{"taxonomy":"post_tag","embeddable":true,"href":"https:\/\/noticiasdestaque.com.br\/index.php\/wp-json\/wp\/v2\/tags?post=40177"}],"curies":[{"name":"wp","href":"https:\/\/api.w.org\/{rel}","templated":true}]}}