{"id":40131,"date":"2024-11-12T14:00:00","date_gmt":"2024-11-12T17:00:00","guid":{"rendered":"https:\/\/noticiasdestaque.com.br\/index.php\/2024\/11\/12\/entenda-o-que-e-fm-estendida-faixa-que-vai-abrigar-radios-que-migrarem-do-am-para-o-fm\/"},"modified":"2024-11-12T14:00:00","modified_gmt":"2024-11-12T17:00:00","slug":"entenda-o-que-e-fm-estendida-faixa-que-vai-abrigar-radios-que-migrarem-do-am-para-o-fm","status":"publish","type":"post","link":"https:\/\/noticiasdestaque.com.br\/index.php\/2024\/11\/12\/entenda-o-que-e-fm-estendida-faixa-que-vai-abrigar-radios-que-migrarem-do-am-para-o-fm\/","title":{"rendered":"Entenda o que \u00e9 FM estendida, faixa que vai abrigar r\u00e1dios que migrarem do AM para o FM"},"content":{"rendered":"<p>\t\t\t\t\t\t\t\t\t\t<audio controls class=\"b61_audio_player\" data-noticia=\"78030\" src=\"https:\/\/brasil61.com\/rails\/active_storage\/blobs\/eyJfcmFpbHMiOnsibWVzc2FnZSI6IkJBaHBBKzRKQXc9PSIsImV4cCI6bnVsbCwicHVyIjoiYmxvYl9pZCJ9fQ==--6c5ec9a9f4fd0de24cbea64313d49009faaeac06\/BRAS2412829B\"><\/audio><\/p>\n<p>Desde 2013, foram publicados decretos para facilitar a migra\u00e7\u00e3o das emissoras de r\u00e1dios que transmitem em amplitude modulada (AM) para a faixa de frequ\u00eancia modulada (FM). Dentre eles, o <a href=\"https:\/\/www.planalto.gov.br\/ccivil_03\/_ato2011-2014\/2013\/decreto\/d8139.htm\">decreto n\u00ba 8.139\/2013 <\/a>tinha o objetivo de melhorar a qualidade do som, j\u00e1 que as transmiss\u00f5es em Ondas M\u00e9dias \u2014 modalidade que usa modula\u00e7\u00e3o em amplitude (AM) \u2014 sofriam com interfer\u00eancias e ru\u00eddos, al\u00e9m de n\u00e3o serem t\u00e3o populares entre os jovens, que preferem r\u00e1dios em FM.\u00a0<\/p>\n<p>Em 2023, um outro decreto (<a href=\"https:\/\/www.planalto.gov.br\/ccivil_03\/_ato2023-2026\/2023\/Decreto\/D11739.htm#:~:text=DECRETO%20N%C2%BA%2011.739%2C%20DE%2018,radiodifus%C3%A3o%20sonora%20em%20frequ%C3%AAncia%20modulada.\">n\u00ba 11.739<\/a>) foi publicado para resolver o problema das r\u00e1dios que ainda transmitiam em ondas curtas (OC) e tropicais (OT), que tamb\u00e9m usam modula\u00e7\u00e3o em amplitude, permitindo que elas migrassem para a faixa FM. Com isso, a <a href=\"https:\/\/www.gov.br\/anatel\/pt-br\">Anatel <\/a>destinou uma faixa estendida para essas emissoras, entre 76,1 MHz e 87,5 MHz, j\u00e1 que que muitas regi\u00f5es urbanas j\u00e1 tinham as respectivas frequ\u00eancias FM convencionais ocupadas de 87,7 MHz a 107,9 MHz.<\/p>\n<p>A professora do Programa de P\u00f3s-Gradua\u00e7\u00e3o em Comunica\u00e7\u00e3o da Universidade de Bras\u00edlia (UnB) N\u00e9lia Rodrigues Del Bianco ressalta que apenas as emissoras AM de abrang\u00eancia nacional devem permanecer ainda no dial. J\u00e1 as locais s\u00e3o obrigadas a migrarem para o FM ou mudarem de categoria, como a regional, por exemplo.<\/p>\n<p>\u201c\u00c9 preciso destacar que o r\u00e1dio AM no Brasil foi perdendo prest\u00edgio e competitividade ao longo do tempo por tr\u00eas fatores: a perda da qualidade do som; a populariza\u00e7\u00e3o do uso de celulares, que n\u00e3o captam emissoras AM; e a perda de financiamento publicit\u00e1rio e audi\u00eancia. Problemas tecnol\u00f3gicos relacionados \u00e0 sujeira no espectro radioel\u00e9trico tamb\u00e9m contribu\u00edram com essa perda significativa de qualidade do servi\u00e7o AM em todo o pa\u00eds.\u201d<\/p>\n<p>Segundo a professora, \u201co crescimento urbano provocou um aumento do n\u00edvel de ru\u00eddos, interfer\u00eancias e polui\u00e7\u00e3o na faixa de ondas m\u00e9dias. Equipamentos e sons \u2014 como eletrodom\u00e9sticos, f\u00e1bricas, linhas de transmiss\u00e3o e at\u00e9 o roncar dos motores de ve\u00edculos \u2014 provocam excesso de ru\u00eddos que interferem na propaga\u00e7\u00e3o das ondas eletromagn\u00e9ticas do AM, especialmente na recep\u00e7\u00e3o m\u00f3vel\u201d.<\/p>\n<h2>Aparelhos de r\u00e1dio com receptores para FM estendida<\/h2>\n<p>A extens\u00e3o da FM permite que mais emissoras de r\u00e1dio tenham acesso ao dial, aumentando a diversidade da programa\u00e7\u00e3o. Segundo o Minist\u00e9rio das Comunica\u00e7\u00f5es, dos mais de 1.600 pedidos de migra\u00e7\u00e3o do AM para o FM, cerca de 400 devem ir para a faixa estendida.\u00a0<\/p>\n<p>De acordo com o Sindicato das Empresas de R\u00e1dio e Televis\u00e3o no Estado de S\u00e3o Paulo, o pa\u00eds possui 38 esta\u00e7\u00f5es de r\u00e1dio ativas na faixa estendida de FM, conhecida como eFM. S\u00e3o Paulo lidera, com 24 esta\u00e7\u00f5es; seguido por Rio Grande do Sul, com seis; Paran\u00e1, Pernambuco e Rio de Janeiro, com duas cada; Minas Gerais e Distrito Federal, com uma cada.<\/p>\n<p>Entre os destaques est\u00e3o a <a href=\"https:\/\/radios.ebc.com.br\/nacionalfmbrasilia\">R\u00e1dio Nacional<\/a>, R\u00e1dio MEC e R\u00e1dio Manchete, no Rio de Janeiro; R\u00e1dio Bandeirantes, R\u00e1dio Capital e R\u00e1dio Jovem Pan News, em S\u00e3o Paulo; R\u00e1dio Itatiaia e R\u00e1dio Inconfid\u00eancia, em Belo Horizonte (MG); R\u00e1dio Clube e R\u00e1dio Jornal, em Recife (PE); entre outras.<\/p>\n<p>O problema \u00e9 que a maioria dos aparelhos de r\u00e1dio atualmente ainda n\u00e3o possuem receptores compat\u00edveis com essa nova faixa da FM estendida. Por isso, um projeto de lei (<a href=\"https:\/\/www.camara.leg.br\/proposicoesWeb\/fichadetramitacao?idProposicao=2436741\" target=\"_blank\">PL 2096\/24<\/a>), em tramita\u00e7\u00e3o na C\u00e2mara dos Deputados, prop\u00f5e que todos os aparelhos de r\u00e1dio produzidos no Brasil possam operar nessa frequ\u00eancia.\u00a0<\/p>\n<p>Essa determina\u00e7\u00e3o j\u00e1 foi estipulada por uma portaria interministerial (<a href=\"https:\/\/antigo.mctic.gov.br\/mctic\/opencms\/legislacao\/portarias_interministeriais\/Portaria_Interministerial_MDIC_MCTIC_n_68_de_21092017.html\" target=\"_blank\">MDIC\/MCTIC n\u00ba 68\/2017<\/a>) e est\u00e1 em vigor desde 2019. Mas o autor do PL, o deputado federal Cezinha de Madureira (PSD-SP), quer incorporar essa obriga\u00e7\u00e3o ao C\u00f3digo Brasileiro de Telecomunica\u00e7\u00f5es para garantir mais seguran\u00e7a jur\u00eddica.<\/p>\n<p>Para a professora N\u00e9lia Rodrigues, a portaria sozinha n\u00e3o \u00e9 suficiente.<\/p>\n<p>\u201cA lei tamb\u00e9m tem a sua import\u00e2ncia, porque \u00e9 uma garantia de cumprimento da norma pela ind\u00fastria de produ\u00e7\u00e3o de aparelhos receptores de r\u00e1dio. E ela tamb\u00e9m d\u00e1 seguran\u00e7a \u00e0 [r\u00e1dio] migrante, porque ela ter\u00e1 a garantia que sua emissora ser\u00e1 ouvida na frequ\u00eancia expandida.\u201d<\/p>\n<p>A especialista em comunica\u00e7\u00e3o ressalta que a norma pode tornar a produ\u00e7\u00e3o brasileira mais competitiva aos modelos internacionais.<\/p>\n<p>\u201cNo segmento automotivo, a Pioneer \u2014 l\u00edder mundial no setor \u2014 lan\u00e7ou em 2018 o modelo DEH-X500BR que, entre outros recursos, j\u00e1 vem com a faixa estendida do FM. O r\u00e1dio tamb\u00e9m conta com a tecnologia RDS 7, sistema que oferece informa\u00e7\u00f5es de texto juntamente com a recep\u00e7\u00e3o de FM. Na Hyundai, o modelo HB20 j\u00e1 conta com a faixa estendida desde 2015. Tamb\u00e9m da Hyundai, o Creta, lan\u00e7ado em 2017, igualmente j\u00e1 vem com o novo tipo de receptor. \u00a0O Hyundai ix35, o Hyundai New Tucson e a camioneta Hyundai HR, modelos importados da montadora, tamb\u00e9m apresentam a novidade. Na Ford, os novos modelos EcoSport e da Linha Ka j\u00e1 possuem receptores que operam na faixa estendida de FM.\u201d<\/p>\n<p>Para uso dom\u00e9stico, N\u00e9lia Rodrigues destaca os aparelhos da Motobr\u00e1s. J\u00e1 para os smartphones, \u201cuma op\u00e7\u00e3o \u00e9 buscar a chamada \u2018banda japonesa\u2019 do aparelho, que apresenta sintonias entre 76.0 a 90 MHz. Aparelhos comercializados no Brasil j\u00e1 v\u00eam configurados para as chamadas \u2018banda americana-Am\u00e9rica do Sul\u2019 de capta\u00e7\u00e3o em FM e, em muitos desses receptores, \u00e9 poss\u00edvel fazer a troca de banda no menu de configura\u00e7\u00f5es do r\u00e1dio\u201d, explica.<\/p>\n<p>O PL 2096\/24 aguarda parecer do relator na Comiss\u00e3o de Comunica\u00e7\u00e3o da C\u00e2mara dos Deputados. Para virar lei, a proposta ainda precisa ser aprovada pelo plen\u00e1rio da C\u00e2mara e do Senado e sancionada pelo presidente da Rep\u00fablica.<\/p>\n<p><strong><a href=\"https:\/\/brasil61.com\/n\/bets-empresas-se-antecipam-e-pagamentos-com-cartao-nao-sao-mais-aceitos-bras2412787\" target=\"_blank\">Bets: empresas se antecipam e pagamentos com cart\u00e3o n\u00e3o s\u00e3o mais aceitos<\/a><\/strong><\/p>\n<p><strong><a href=\"https:\/\/brasil61.com\/n\/arthur-lira-convoca-sessao-na-camara-com-projetos-que-impactam-bets-e-decisoes-do-stf-bras2412762\" target=\"_blank\">Arthur Lira convoca sess\u00e3o na C\u00e2mara com projetos que impactam &#8216;bets&#8217; e decis\u00f5es do STF<\/a><\/strong><\/p>\n<p>\t\t\t\t\t\t\t\t\t<img loading=\"lazy\" decoding=\"async\" src=\"https:\/\/brasil61.com\/api\/v1\/serve_pixel\/17677\/78030\" alt=\"Pixel Brasil 61\" class=\"b61_pixel\" width=\"0\" height=\"0\"><\/p>\n<input type=\"hidden\" id=\"baseurl\" value=\"https:\/\/noticiasdestaque.com.br\"><input type=\"hidden\" id=\"audio_nonce\" value=\"6f73a554f1\">","protected":false},"excerpt":{"rendered":"<p>Projeto de lei 2096\/24 prop\u00f5e que todos os aparelhos de r\u00e1dio produzidos no Brasil operem na faixa FM estendida<\/p>\n","protected":false},"author":1,"featured_media":40132,"comment_status":"open","ping_status":"open","sticky":false,"template":"","format":"standard","meta":{"fifu_image_url":"","fifu_image_alt":"","footnotes":""},"categories":[54],"tags":[],"class_list":["post-40131","post","type-post","status-publish","format-standard","has-post-thumbnail","hentry","category-tecnologia"],"distributor_meta":false,"distributor_terms":false,"distributor_media":false,"distributor_original_site_name":"Noticias em Destaque","distributor_original_site_url":"https:\/\/noticiasdestaque.com.br","push-errors":false,"_links":{"self":[{"href":"https:\/\/noticiasdestaque.com.br\/index.php\/wp-json\/wp\/v2\/posts\/40131","targetHints":{"allow":["GET"]}}],"collection":[{"href":"https:\/\/noticiasdestaque.com.br\/index.php\/wp-json\/wp\/v2\/posts"}],"about":[{"href":"https:\/\/noticiasdestaque.com.br\/index.php\/wp-json\/wp\/v2\/types\/post"}],"author":[{"embeddable":true,"href":"https:\/\/noticiasdestaque.com.br\/index.php\/wp-json\/wp\/v2\/users\/1"}],"replies":[{"embeddable":true,"href":"https:\/\/noticiasdestaque.com.br\/index.php\/wp-json\/wp\/v2\/comments?post=40131"}],"version-history":[{"count":0,"href":"https:\/\/noticiasdestaque.com.br\/index.php\/wp-json\/wp\/v2\/posts\/40131\/revisions"}],"wp:featuredmedia":[{"embeddable":true,"href":"https:\/\/noticiasdestaque.com.br\/index.php\/wp-json\/wp\/v2\/media\/40132"}],"wp:attachment":[{"href":"https:\/\/noticiasdestaque.com.br\/index.php\/wp-json\/wp\/v2\/media?parent=40131"}],"wp:term":[{"taxonomy":"category","embeddable":true,"href":"https:\/\/noticiasdestaque.com.br\/index.php\/wp-json\/wp\/v2\/categories?post=40131"},{"taxonomy":"post_tag","embeddable":true,"href":"https:\/\/noticiasdestaque.com.br\/index.php\/wp-json\/wp\/v2\/tags?post=40131"}],"curies":[{"name":"wp","href":"https:\/\/api.w.org\/{rel}","templated":true}]}}