{"id":40129,"date":"2024-10-12T04:04:00","date_gmt":"2024-10-12T07:04:00","guid":{"rendered":"https:\/\/noticiasdestaque.com.br\/index.php\/2024\/10\/12\/projeto-de-lei-propoe-fabricacao-de-aparelhos-de-radio-compativeis-com-fm-estendida\/"},"modified":"2024-10-12T04:04:00","modified_gmt":"2024-10-12T07:04:00","slug":"projeto-de-lei-propoe-fabricacao-de-aparelhos-de-radio-compativeis-com-fm-estendida","status":"publish","type":"post","link":"https:\/\/noticiasdestaque.com.br\/index.php\/2024\/10\/12\/projeto-de-lei-propoe-fabricacao-de-aparelhos-de-radio-compativeis-com-fm-estendida\/","title":{"rendered":"Projeto de Lei prop\u00f5e fabrica\u00e7\u00e3o de aparelhos de r\u00e1dio compat\u00edveis com FM estendida"},"content":{"rendered":"<p>\t\t\t\t\t\t\t\t\t\t<audio controls class=\"b61_audio_player\" data-noticia=\"77971\" src=\"https:\/\/brasil61.com\/rails\/active_storage\/blobs\/eyJfcmFpbHMiOnsibWVzc2FnZSI6IkJBaHBBM1FKQXc9PSIsImV4cCI6bnVsbCwicHVyIjoiYmxvYl9pZCJ9fQ==--cf47cb01e3cbdcc83ae5690396aeff33d028eaf3\/BRAS2412808A\"><\/audio><\/p>\n<p>Um projeto de lei (<a href=\"https:\/\/www.camara.leg.br\/proposicoesWeb\/fichadetramitacao?idProposicao=2436741\" target=\"_blank\">PL 2096\/24<\/a>) em tramita\u00e7\u00e3o na C\u00e2mara dos Deputados prop\u00f5e que todos os aparelhos de r\u00e1dio produzidos no Brasil operem na faixa FM estendida \u2014 entre 76 MHz e 108 MHz. Essa determina\u00e7\u00e3o j\u00e1 foi estipulada por uma portaria interministerial (<a href=\"https:\/\/antigo.mctic.gov.br\/mctic\/opencms\/legislacao\/portarias_interministeriais\/Portaria_Interministerial_MDIC_MCTIC_n_68_de_21092017.html\" target=\"_blank\">MDIC\/MCTIC n\u00ba 68\/2017<\/a>) e est\u00e1 em vigor desde 2019. Mas o autor do PL, o deputado federal Cezinha de Madureira (PSD-SP), quer incorporar essa obriga\u00e7\u00e3o ao C\u00f3digo Brasileiro de Telecomunica\u00e7\u00f5es, para garantir mais seguran\u00e7a jur\u00eddica.<\/p>\n<h2>Entenda as mudan\u00e7as<\/h2>\n<p>Em 2013, foi publicado um decreto (n\u00ba 8.139) para facilitar a migra\u00e7\u00e3o das r\u00e1dios que transmitiam em ondas m\u00e9dias (OM) para a faixa de frequ\u00eancia modulada (FM). O objetivo era melhorar a qualidade do som, j\u00e1 que as transmiss\u00f5es em OM sofriam com interfer\u00eancias e ru\u00eddos, al\u00e9m de n\u00e3o serem t\u00e3o populares entre os jovens, que preferem r\u00e1dios em FM.\u00a0<\/p>\n<p>O decreto estabeleceu prazos para as r\u00e1dios fazerem essa transi\u00e7\u00e3o e permitiu que cerca de 1.600 emissoras migrassem para a FM, algumas delas utilizando a nova faixa de &#8220;FM Estendida&#8221;.<\/p>\n<p>Em 2023, um outro decreto (n\u00ba 11.739) foi publicado para resolver o problema das r\u00e1dios que ainda transmitiam em ondas curtas (OC) e tropicais (OT), permitindo que elas tamb\u00e9m migrassem para a faixa FM. Com isso, a Anatel destinou uma faixa estendida para essas emissoras, j\u00e1 que que muitas regi\u00f5es urbanas j\u00e1 tinham as respectivas frequ\u00eancias FM convencionais ocupadas.<\/p>\n<p>A mudan\u00e7a tamb\u00e9m impactou a ind\u00fastria que fabrica os aparelhos de r\u00e1dio, j\u00e1 que desde 2019 todos os novos equipamentos fabricados no Brasil devem operar na faixa FM estendida. Para isso, o PL 2096\/24 pretende tornar essa norma permanente e garantir que mais emissoras de r\u00e1dio tenham acesso \u00e0 faixa estendida, aumentando a diversidade da programa\u00e7\u00e3o.\u00a0<\/p>\n<p>O PL 2096\/24 aguarda parecer do relator na Comiss\u00e3o de Comunica\u00e7\u00e3o da C\u00e2mara dos Deputados. Para virar lei, a proposta ainda precisa ser aprovada pelo plen\u00e1rio da C\u00e2mara e do Senado e sancionada pelo presidente da Rep\u00fablica.<\/p>\n<p><strong><a href=\"https:\/\/brasil61.com\/n\/bets-empresas-se-antecipam-e-pagamentos-com-cartao-nao-sao-mais-aceitos-bras2412787\" target=\"_blank\">Bets: empresas se antecipam e pagamentos com cart\u00e3o n\u00e3o s\u00e3o mais aceitos<\/a><\/strong><\/p>\n<p><strong><a href=\"https:\/\/brasil61.com\/n\/arthur-lira-convoca-sessao-na-camara-com-projetos-que-impactam-bets-e-decisoes-do-stf-bras2412762\" target=\"_blank\">Arthur Lira convoca sess\u00e3o na C\u00e2mara com projetos que impactam &#8216;bets&#8217; e decis\u00f5es do STF<\/a><\/strong><\/p>\n<p>\t\t\t\t\t\t\t\t\t<img loading=\"lazy\" decoding=\"async\" src=\"https:\/\/brasil61.com\/api\/v1\/serve_pixel\/17677\/77971\" alt=\"Pixel Brasil 61\" class=\"b61_pixel\" width=\"0\" height=\"0\"><\/p>\n<input type=\"hidden\" id=\"baseurl\" value=\"https:\/\/noticiasdestaque.com.br\"><input type=\"hidden\" id=\"audio_nonce\" value=\"6f73a554f1\">","protected":false},"excerpt":{"rendered":"<p>Determina\u00e7\u00e3o j\u00e1 \u00e9 prevista em portaria interministerial e pretende garantir que mais emissoras de r\u00e1dio tenham acesso \u00e0 faixa estendida<\/p>\n","protected":false},"author":1,"featured_media":40130,"comment_status":"open","ping_status":"open","sticky":false,"template":"","format":"standard","meta":{"fifu_image_url":"","fifu_image_alt":"","footnotes":""},"categories":[54],"tags":[],"class_list":["post-40129","post","type-post","status-publish","format-standard","has-post-thumbnail","hentry","category-tecnologia"],"distributor_meta":false,"distributor_terms":false,"distributor_media":false,"distributor_original_site_name":"Noticias em Destaque","distributor_original_site_url":"https:\/\/noticiasdestaque.com.br","push-errors":false,"_links":{"self":[{"href":"https:\/\/noticiasdestaque.com.br\/index.php\/wp-json\/wp\/v2\/posts\/40129","targetHints":{"allow":["GET"]}}],"collection":[{"href":"https:\/\/noticiasdestaque.com.br\/index.php\/wp-json\/wp\/v2\/posts"}],"about":[{"href":"https:\/\/noticiasdestaque.com.br\/index.php\/wp-json\/wp\/v2\/types\/post"}],"author":[{"embeddable":true,"href":"https:\/\/noticiasdestaque.com.br\/index.php\/wp-json\/wp\/v2\/users\/1"}],"replies":[{"embeddable":true,"href":"https:\/\/noticiasdestaque.com.br\/index.php\/wp-json\/wp\/v2\/comments?post=40129"}],"version-history":[{"count":0,"href":"https:\/\/noticiasdestaque.com.br\/index.php\/wp-json\/wp\/v2\/posts\/40129\/revisions"}],"wp:featuredmedia":[{"embeddable":true,"href":"https:\/\/noticiasdestaque.com.br\/index.php\/wp-json\/wp\/v2\/media\/40130"}],"wp:attachment":[{"href":"https:\/\/noticiasdestaque.com.br\/index.php\/wp-json\/wp\/v2\/media?parent=40129"}],"wp:term":[{"taxonomy":"category","embeddable":true,"href":"https:\/\/noticiasdestaque.com.br\/index.php\/wp-json\/wp\/v2\/categories?post=40129"},{"taxonomy":"post_tag","embeddable":true,"href":"https:\/\/noticiasdestaque.com.br\/index.php\/wp-json\/wp\/v2\/tags?post=40129"}],"curies":[{"name":"wp","href":"https:\/\/api.w.org\/{rel}","templated":true}]}}