{"id":40127,"date":"2024-10-03T04:02:00","date_gmt":"2024-10-03T07:02:00","guid":{"rendered":"https:\/\/noticiasdestaque.com.br\/index.php\/2024\/10\/03\/expansao-da-rede-5g-ja-permite-acesso-a-96-dos-brasileiros\/"},"modified":"2024-10-03T04:02:00","modified_gmt":"2024-10-03T07:02:00","slug":"expansao-da-rede-5g-ja-permite-acesso-a-96-dos-brasileiros","status":"publish","type":"post","link":"https:\/\/noticiasdestaque.com.br\/index.php\/2024\/10\/03\/expansao-da-rede-5g-ja-permite-acesso-a-96-dos-brasileiros\/","title":{"rendered":"Expans\u00e3o da rede 5G j\u00e1 permite acesso a 96% dos brasileiros"},"content":{"rendered":"<p>\t\t\t\t\t\t\t\t\t\t<audio controls class=\"b61_audio_player\" data-noticia=\"77782\" src=\"https:\/\/brasil61.com\/rails\/active_storage\/blobs\/eyJfcmFpbHMiOnsibWVzc2FnZSI6IkJBaHBBeXNHQXc9PSIsImV4cCI6bnVsbCwicHVyIjoiYmxvYl9pZCJ9fQ==--2268b3188aa08b17019e826c8fbdcbbd749110de\/BRAS2412743A\"><\/audio><\/p>\n<p>As operadoras de telefonia m\u00f3vel que adquiriram lotes na faixa de 3,5 GHz j\u00e1 podem solicitar o licenciamento e ativa\u00e7\u00e3o de esta\u00e7\u00f5es 5G nessa faixa em mais 189 munic\u00edpios brasileiros. A informa\u00e7\u00e3o consta em publica\u00e7\u00e3o feita recentemente pela Ag\u00eancia Nacional de Telecomunica\u00e7\u00f5es (Anatel).<\/p>\n<p>Com essa determina\u00e7\u00e3o, chega a 5.191 o n\u00famero de munic\u00edpios com a faixa de 3,5 GHz dispon\u00edvel para utiliza\u00e7\u00e3o por esta\u00e7\u00f5es do 5G standalone \u2013 quando n\u00e3o h\u00e1 depend\u00eancia de infraestrutura 4G j\u00e1 existente. Ao todo, de acordo com a ag\u00eancia, mais de 204 milh\u00f5es de brasileiros ser\u00e3o beneficiados, ou seja, 96% da popula\u00e7\u00e3o do pa\u00eds.<\/p>\n<p><a href=\"https:\/\/brasil61.com\/n\/sao-paulo-e-a-uf-com-mais-registros-de-golpes-ciberneticos-confira-ranking-entre-estados-bras2412734\" target=\"_blank\">S\u00e3o Paulo \u00e9 a UF com mais registros de golpes cibern\u00e9ticos; confira ranking entre estados<\/a><\/p>\n<p>Vale destacar que a libera\u00e7\u00e3o da faixa n\u00e3o significa que redes do 5G ser\u00e3o instaladas de imediato. Esse procedimento ainda depende do planejamento individual de cada prestadora.<\/p>\n<p>Entre os munic\u00edpios inclu\u00eddos nessa \u00faltima lista est\u00e3o Itapetinga, Cordeiros e Ibirapu\u00e3 \u2013 todos da Bahia &#8211; al\u00e9m dos mineiros Frei Gaspar, Bocai\u00fava e Botumirim.<\/p>\n<p><a href=\"https:\/\/informacoes.anatel.gov.br\/paineis\/espectro-e-orbita\/gaispi-liberacao-e-planejamento-3-5-ghz\" target=\"_blank\">Clique aqui para ter acesso \u00e0 lista completa de todos os munic\u00edpios com sinal liberado<\/a>\u00a0<\/p>\n<p>Com a inclus\u00e3o desses 189 munic\u00edpios, o estado de Minas Gerais est\u00e1 totalmente liberado para a ativa\u00e7\u00e3o de esta\u00e7\u00f5es 5G na faixa de 3,5 GHz. Agora, a quantidade de unidades da federa\u00e7\u00e3o com todos os munic\u00edpios liberados vai a 23. S\u00e3o elas:\u00a0<\/p>\n<ul>\n<li>Acre<\/li>\n<li>Alagoas<\/li>\n<li>Amazonas<\/li>\n<li>Amap\u00e1<\/li>\n<li>Distrito Federal<\/li>\n<li>Esp\u00edrito Santo<\/li>\n<li>Goi\u00e1s<\/li>\n<li>Maranh\u00e3o<\/li>\n<li>Minas Gerais<\/li>\n<li>Mato Grosso do Sul<\/li>\n<li>Mato Grosso<\/li>\n<li>Par\u00e1<\/li>\n<li>Para\u00edba<\/li>\n<li>Piau\u00ed<\/li>\n<li>Paran\u00e1<\/li>\n<li>Rio de Janeiro<\/li>\n<li>Rond\u00f4nia<\/li>\n<li>Roraima<\/li>\n<li>Rio Grande do Sul<\/li>\n<li>Santa Catarina<\/li>\n<li>Sergipe<\/li>\n<li>S\u00e3o Paulo<\/li>\n<li>Tocantins<\/li>\n<\/ul>\n<h2>TV aberta<\/h2>\n<p>Ap\u00f3s a altera\u00e7\u00e3o da faixa, as pessoas que contam com canais de TV aberta e recebem as transmiss\u00f5es pela antena parab\u00f3lica precisam adaptar o equipamento para evitar interfer\u00eancias com o 5G.\u00a0<\/p>\n<p>Usu\u00e1rios inscritos no Cadastro \u00danico para Programas Sociais do Governo Federal (Cad\u00danico) podem solicitar o kit gratuito para a adapta\u00e7\u00e3o do equipamento \u00e0 Entidade Administradora da Faixa. O pedido \u00e9 feito meio do <a href=\"https:\/\/sigaantenado.com.br\/?utm_source=g-search&amp;utm_medium=cpm&amp;utm_content=search&amp;utm_term=conv-o-que-e-eaf-1&amp;utm_campaign=ogilvybr_eaf_sigaantenado_g-search_conversao_202407_search_cpm_fase6.b-mg-todos_conv-o-que-e-eaf_1&amp;gad_source=1&amp;gclid=Cj0KCQjw3vO3BhCqARIsAEWblcB-PIfvcDzM5Li10fg-y9D5tq374pWVRuSw4VzW3URYthCSxiFU4ZMaAt0GEALw_wcB\" target=\"_blank\">Programa Siga Antenado<\/a>.<br \/>\n\u00a0<\/p>\n<p>\t\t\t\t\t\t\t\t\t<img loading=\"lazy\" decoding=\"async\" src=\"https:\/\/brasil61.com\/api\/v1\/serve_pixel\/17677\/77782\" alt=\"Pixel Brasil 61\" class=\"b61_pixel\" width=\"0\" height=\"0\"><\/p>\n<input type=\"hidden\" id=\"baseurl\" value=\"https:\/\/noticiasdestaque.com.br\"><input type=\"hidden\" id=\"audio_nonce\" value=\"6f73a554f1\">","protected":false},"excerpt":{"rendered":"<p>Ao todo, 5.191 munic\u00edpios do pa\u00eds est\u00e3o com a faixa de 3,5 GHz, dispon\u00edvel para utiliza\u00e7\u00e3o por esta\u00e7\u00f5es do 5G <\/p>\n","protected":false},"author":1,"featured_media":40128,"comment_status":"open","ping_status":"open","sticky":false,"template":"","format":"standard","meta":{"fifu_image_url":"","fifu_image_alt":"","footnotes":""},"categories":[54],"tags":[],"class_list":["post-40127","post","type-post","status-publish","format-standard","has-post-thumbnail","hentry","category-tecnologia"],"distributor_meta":false,"distributor_terms":false,"distributor_media":false,"distributor_original_site_name":"Noticias em Destaque","distributor_original_site_url":"https:\/\/noticiasdestaque.com.br","push-errors":false,"_links":{"self":[{"href":"https:\/\/noticiasdestaque.com.br\/index.php\/wp-json\/wp\/v2\/posts\/40127","targetHints":{"allow":["GET"]}}],"collection":[{"href":"https:\/\/noticiasdestaque.com.br\/index.php\/wp-json\/wp\/v2\/posts"}],"about":[{"href":"https:\/\/noticiasdestaque.com.br\/index.php\/wp-json\/wp\/v2\/types\/post"}],"author":[{"embeddable":true,"href":"https:\/\/noticiasdestaque.com.br\/index.php\/wp-json\/wp\/v2\/users\/1"}],"replies":[{"embeddable":true,"href":"https:\/\/noticiasdestaque.com.br\/index.php\/wp-json\/wp\/v2\/comments?post=40127"}],"version-history":[{"count":0,"href":"https:\/\/noticiasdestaque.com.br\/index.php\/wp-json\/wp\/v2\/posts\/40127\/revisions"}],"wp:featuredmedia":[{"embeddable":true,"href":"https:\/\/noticiasdestaque.com.br\/index.php\/wp-json\/wp\/v2\/media\/40128"}],"wp:attachment":[{"href":"https:\/\/noticiasdestaque.com.br\/index.php\/wp-json\/wp\/v2\/media?parent=40127"}],"wp:term":[{"taxonomy":"category","embeddable":true,"href":"https:\/\/noticiasdestaque.com.br\/index.php\/wp-json\/wp\/v2\/categories?post=40127"},{"taxonomy":"post_tag","embeddable":true,"href":"https:\/\/noticiasdestaque.com.br\/index.php\/wp-json\/wp\/v2\/tags?post=40127"}],"curies":[{"name":"wp","href":"https:\/\/api.w.org\/{rel}","templated":true}]}}