{"id":40105,"date":"2024-11-28T19:12:00","date_gmt":"2024-11-28T22:12:00","guid":{"rendered":"https:\/\/noticiasdestaque.com.br\/index.php\/2024\/11\/28\/ibovespa-anuncio-fiscal-derruba-bolsa-em-queda-de-mais-de-2\/"},"modified":"2024-11-28T19:12:00","modified_gmt":"2024-11-28T22:12:00","slug":"ibovespa-anuncio-fiscal-derruba-bolsa-em-queda-de-mais-de-2","status":"publish","type":"post","link":"https:\/\/noticiasdestaque.com.br\/index.php\/2024\/11\/28\/ibovespa-anuncio-fiscal-derruba-bolsa-em-queda-de-mais-de-2\/","title":{"rendered":"Ibovespa: an\u00fancio fiscal derruba bolsa, em queda de mais de 2%"},"content":{"rendered":"<p>\t\t\t\t\t\t\t\t\t\t<audio controls class=\"b61_audio_player\" data-noticia=\"78765\" src=\"https:\/\/brasil61.com\/rails\/active_storage\/blobs\/eyJfcmFpbHMiOnsibWVzc2FnZSI6IkJBaHBBeGNXQXc9PSIsImV4cCI6bnVsbCwicHVyIjoiYmxvYl9pZCJ9fQ==--46f24b2492dfa9f8b4d00f48f406f6a7bc66723f\/BRAS2413092A\"><\/audio><\/p>\n<p>Ap\u00f3s an\u00fancio do t\u00e3o esperado\u00a0pacote fiscal pela equipe econ\u00f4mica do governo, o Ibovespa segue sendo impactado negativamente. Nesta quinta-feira (28),\u00a0fechou em queda de 2,48%, aos 124.507 pontos.\u00a0O mercado v\u00ea as medidas como insuficientes para sustentar o arcabou\u00e7o fiscal.<\/p>\n<p>A rea\u00e7\u00e3o negativa do Ibovespa frente ao pacote fiscal do governo se d\u00e1 porque entre as medidas do plano est\u00e3o cortes de gastos p\u00fablicos e isen\u00e7\u00e3o de imposto de renda para quem recebe at\u00e9 R$ 5 mil, al\u00e9m do aumento de impostos para aqueles que ganham mais de R$ 50.000,00, o que n\u00e3o foi bem recebido pelo mercado.<\/p>\n<p>Entre as exportadoras que n\u00e3o foram afetadas pelo preg\u00e3o est\u00e3o JBS, \u00a0que teve alta de 3,35%, Suzano, que subiu 3% e SLC Agr\u00edcola, que avan\u00e7ou 2,64%. J\u00e1 as a\u00e7\u00f5es da MRV registraram recuo de 14,10%. Tamb\u00e9m teve queda de 13,38% a CVC.<br \/>\n\u00a0<\/p>\n<p>\t\t\t\t\t\t\t\t\t<img loading=\"lazy\" decoding=\"async\" src=\"https:\/\/brasil61.com\/api\/v1\/serve_pixel\/17677\/78765\" alt=\"Pixel Brasil 61\" class=\"b61_pixel\" width=\"0\" height=\"0\"><\/p>\n<input type=\"hidden\" id=\"baseurl\" value=\"https:\/\/noticiasdestaque.com.br\"><input type=\"hidden\" id=\"audio_nonce\" value=\"6f73a554f1\">","protected":false},"excerpt":{"rendered":"<p>Ap\u00f3s an\u00fancio do t\u00e3o esperado  pacote fiscal pela equipe econ\u00f4mica do governo, Ibovespa segue sendo impactado negativamente<\/p>\n","protected":false},"author":1,"featured_media":40106,"comment_status":"open","ping_status":"open","sticky":false,"template":"","format":"standard","meta":{"fifu_image_url":"","fifu_image_alt":"","footnotes":""},"categories":[59],"tags":[],"class_list":["post-40105","post","type-post","status-publish","format-standard","has-post-thumbnail","hentry","category-economia"],"distributor_meta":false,"distributor_terms":false,"distributor_media":false,"distributor_original_site_name":"Noticias em Destaque","distributor_original_site_url":"https:\/\/noticiasdestaque.com.br","push-errors":false,"_links":{"self":[{"href":"https:\/\/noticiasdestaque.com.br\/index.php\/wp-json\/wp\/v2\/posts\/40105","targetHints":{"allow":["GET"]}}],"collection":[{"href":"https:\/\/noticiasdestaque.com.br\/index.php\/wp-json\/wp\/v2\/posts"}],"about":[{"href":"https:\/\/noticiasdestaque.com.br\/index.php\/wp-json\/wp\/v2\/types\/post"}],"author":[{"embeddable":true,"href":"https:\/\/noticiasdestaque.com.br\/index.php\/wp-json\/wp\/v2\/users\/1"}],"replies":[{"embeddable":true,"href":"https:\/\/noticiasdestaque.com.br\/index.php\/wp-json\/wp\/v2\/comments?post=40105"}],"version-history":[{"count":0,"href":"https:\/\/noticiasdestaque.com.br\/index.php\/wp-json\/wp\/v2\/posts\/40105\/revisions"}],"wp:featuredmedia":[{"embeddable":true,"href":"https:\/\/noticiasdestaque.com.br\/index.php\/wp-json\/wp\/v2\/media\/40106"}],"wp:attachment":[{"href":"https:\/\/noticiasdestaque.com.br\/index.php\/wp-json\/wp\/v2\/media?parent=40105"}],"wp:term":[{"taxonomy":"category","embeddable":true,"href":"https:\/\/noticiasdestaque.com.br\/index.php\/wp-json\/wp\/v2\/categories?post=40105"},{"taxonomy":"post_tag","embeddable":true,"href":"https:\/\/noticiasdestaque.com.br\/index.php\/wp-json\/wp\/v2\/tags?post=40105"}],"curies":[{"name":"wp","href":"https:\/\/api.w.org\/{rel}","templated":true}]}}