{"id":40103,"date":"2024-11-28T19:00:00","date_gmt":"2024-11-28T22:00:00","guid":{"rendered":"https:\/\/noticiasdestaque.com.br\/index.php\/2024\/11\/28\/dolar-tem-novo-recorde-historico-e-fecha-a-r-598\/"},"modified":"2024-11-28T19:00:00","modified_gmt":"2024-11-28T22:00:00","slug":"dolar-tem-novo-recorde-historico-e-fecha-a-r-598","status":"publish","type":"post","link":"https:\/\/noticiasdestaque.com.br\/index.php\/2024\/11\/28\/dolar-tem-novo-recorde-historico-e-fecha-a-r-598\/","title":{"rendered":"D\u00f3lar tem novo recorde hist\u00f3rico e fecha a R$ 5,98"},"content":{"rendered":"<p>\t\t\t\t\t\t\t\t\t\t<audio controls class=\"b61_audio_player\" data-noticia=\"78764\" src=\"https:\/\/brasil61.com\/rails\/active_storage\/blobs\/eyJfcmFpbHMiOnsibWVzc2FnZSI6IkJBaHBBd29XQXc9PSIsImV4cCI6bnVsbCwicHVyIjoiYmxvYl9pZCJ9fQ==--3b36fde82a2c787d08a48fa9ff1f7ff5cdd382f4\/BRAS2413091A\"><\/audio><\/p>\n<p>Em novo recorde hist\u00f3rico, o d\u00f3lar encerrou esta quinta-feira (28) atingindo R$ 5,98.<\/p>\n<p>A nova m\u00e1xima foi puxada pela rea\u00e7\u00e3o \u00e0s medidas fiscais anunciadas pelo governo federal no dia 27, que incluem isen\u00e7\u00e3o do imposto de renda para pessoas que ganham at\u00e9 R$ 5 mil.\u00a0<\/p>\n<p>O pacote fiscal do governo n\u00e3o foi bem recebido pelo mercado, diante de incertezas sobre a isen\u00e7\u00e3o do IR.<\/p>\n<p>A alta na moeda foi de 1,30%.<\/p>\n<p>Inclusive, no in\u00edcio da tarde, a moeda chegou a maior cota\u00e7\u00e3o de todos os tempos\u00a0e, pela primeira vez desde a implanta\u00e7\u00e3o do Plano Real, em 1994,\u00a0foi negociada a R$ 6.<\/p>\n<p>\t\t\t\t\t\t\t\t\t<img loading=\"lazy\" decoding=\"async\" src=\"https:\/\/brasil61.com\/api\/v1\/serve_pixel\/17677\/78764\" alt=\"Pixel Brasil 61\" class=\"b61_pixel\" width=\"0\" height=\"0\"><\/p>\n<input type=\"hidden\" id=\"baseurl\" value=\"https:\/\/noticiasdestaque.com.br\"><input type=\"hidden\" id=\"audio_nonce\" value=\"6f73a554f1\">","protected":false},"excerpt":{"rendered":"<p>A alta foi de 1,30% e a nova m\u00e1xima \u00e9 puxada pela rea\u00e7\u00e3o \u00e0s medidas fiscais anunciadas pelo governo federal <\/p>\n","protected":false},"author":1,"featured_media":40104,"comment_status":"open","ping_status":"open","sticky":false,"template":"","format":"standard","meta":{"fifu_image_url":"","fifu_image_alt":"","footnotes":""},"categories":[59],"tags":[],"class_list":["post-40103","post","type-post","status-publish","format-standard","has-post-thumbnail","hentry","category-economia"],"distributor_meta":false,"distributor_terms":false,"distributor_media":false,"distributor_original_site_name":"Noticias em Destaque","distributor_original_site_url":"https:\/\/noticiasdestaque.com.br","push-errors":false,"_links":{"self":[{"href":"https:\/\/noticiasdestaque.com.br\/index.php\/wp-json\/wp\/v2\/posts\/40103","targetHints":{"allow":["GET"]}}],"collection":[{"href":"https:\/\/noticiasdestaque.com.br\/index.php\/wp-json\/wp\/v2\/posts"}],"about":[{"href":"https:\/\/noticiasdestaque.com.br\/index.php\/wp-json\/wp\/v2\/types\/post"}],"author":[{"embeddable":true,"href":"https:\/\/noticiasdestaque.com.br\/index.php\/wp-json\/wp\/v2\/users\/1"}],"replies":[{"embeddable":true,"href":"https:\/\/noticiasdestaque.com.br\/index.php\/wp-json\/wp\/v2\/comments?post=40103"}],"version-history":[{"count":0,"href":"https:\/\/noticiasdestaque.com.br\/index.php\/wp-json\/wp\/v2\/posts\/40103\/revisions"}],"wp:featuredmedia":[{"embeddable":true,"href":"https:\/\/noticiasdestaque.com.br\/index.php\/wp-json\/wp\/v2\/media\/40104"}],"wp:attachment":[{"href":"https:\/\/noticiasdestaque.com.br\/index.php\/wp-json\/wp\/v2\/media?parent=40103"}],"wp:term":[{"taxonomy":"category","embeddable":true,"href":"https:\/\/noticiasdestaque.com.br\/index.php\/wp-json\/wp\/v2\/categories?post=40103"},{"taxonomy":"post_tag","embeddable":true,"href":"https:\/\/noticiasdestaque.com.br\/index.php\/wp-json\/wp\/v2\/tags?post=40103"}],"curies":[{"name":"wp","href":"https:\/\/api.w.org\/{rel}","templated":true}]}}