{"id":40097,"date":"2024-11-29T00:04:00","date_gmt":"2024-11-29T03:04:00","guid":{"rendered":"https:\/\/noticiasdestaque.com.br\/index.php\/2024\/11\/29\/pis-pasep-veja-quem-tera-direito-ao-abono-em-2025-com-proposta-de-corte-de-gastos-do-governo\/"},"modified":"2024-11-29T00:04:00","modified_gmt":"2024-11-29T03:04:00","slug":"pis-pasep-veja-quem-tera-direito-ao-abono-em-2025-com-proposta-de-corte-de-gastos-do-governo","status":"publish","type":"post","link":"https:\/\/noticiasdestaque.com.br\/index.php\/2024\/11\/29\/pis-pasep-veja-quem-tera-direito-ao-abono-em-2025-com-proposta-de-corte-de-gastos-do-governo\/","title":{"rendered":"PIS\/PASEP: veja quem ter\u00e1 direito ao abono em 2025, com proposta de corte de gastos do governo"},"content":{"rendered":"<p>\t\t\t\t\t\t\t\t\t\t<audio controls class=\"b61_audio_player\" data-noticia=\"78760\" src=\"https:\/\/brasil61.com\/rails\/active_storage\/blobs\/eyJfcmFpbHMiOnsibWVzc2FnZSI6IkJBaHBBd0lXQXc9PSIsImV4cCI6bnVsbCwicHVyIjoiYmxvYl9pZCJ9fQ==--f81416dec454423906c2c7e2890d4ffedc92d4fc\/BRAS2413087A\"><\/audio><\/p>\n<p>Entre as medidas previstas no <a href=\"https:\/\/static.poder360.com.br\/2024\/11\/plano-cortes-governo-28-nov-2024.pdf\" target=\"_blank\">pacote de corte gastos do governo<\/a>, anunciado na noite da quarta-feira (27), est\u00e3o mudan\u00e7as relacionadas ao acesso ao abono do PIS\/Pasep. Pela proposta, em 2025 ter\u00e3o direito ao benef\u00edcio os trabalhadores que ganham at\u00e9 R$ 2.640.<\/p>\n<p>Atualmente, t\u00eam direito ao abono salarial o trabalhador que recebe at\u00e9 dois sal\u00e1rios m\u00ednimos, o equivalente hoje a R$ 2.824.\u00a0O benef\u00edcio\u00a0funciona como uma esp\u00e9cie 14\u00ba sal\u00e1rio.<\/p>\n<p>Conforme anunciado pelo ministro da <a href=\"https:\/\/www.gov.br\/fazenda\/pt-br\" target=\"_blank\">Fazenda<\/a>, Fernando Haddad, o valor do abono dever\u00e1 ser corrigido pela infla\u00e7\u00e3o nos pr\u00f3ximos anos, ou seja, pelo \u00cdndice Nacional de Pre\u00e7os ao Consumidor (INPC).<\/p>\n<p>Al\u00e9m disso, o benef\u00edcio passar\u00e1 por corre\u00e7\u00f5es graduais at\u00e9 que\u00a0passe a atender apenas os trabalhadores que ganham um sal\u00e1rio m\u00ednimo e meio \u2013 quando, ent\u00e3o, o PIS\/PASEP passar\u00e1 a ficar est\u00e1vel, neste valor.\u00a0<\/p>\n<p>Na quinta-feira (28), a equipe econ\u00f4mica realizou uma coletiva para detalhar o pacote de corte de gastos. Haddad disse que a mudan\u00e7a no abono \u00e9 uma \u201cregra de transi\u00e7\u00e3o de um benef\u00edcio, que num certo sentido perdeu a sua raz\u00e3o \u201dem fun\u00e7\u00e3o de outros programas sociais do governo&#8221;.<\/p>\n<h2>Como ficam os crit\u00e9rios de acesso ao PIS\/Pasep com o pacote de corte de gastos?<\/h2>\n<p>A nova regra proposta pelo governo altera um dos crit\u00e9rios de acesso j\u00e1 a partir do pagamento do ano que vem. A ideia \u00e9 desvincular o valor m\u00e1ximo da renda que possibilita o acesso ao benef\u00edcio do\u00a0reajuste do sal\u00e1rio m\u00ednimo\u00a0e vincular este valor\u00a0\u00e0\u00a0infla\u00e7\u00e3o.<\/p>\n<p>Com a mudan\u00e7a, os valores de acesso\u00a0ao PIS\/Pasep at\u00e9 2035 ficariam assim:<\/p>\n<ul>\n<li>2025: R$ 2.640<\/li>\n<li>2026: 1,95 sal\u00e1rio m\u00ednimo (SM)<\/li>\n<li>2027: 1,90\u00a0SM<\/li>\n<li>2028: 1,85\u00a0SM<\/li>\n<li>2029: 1,80\u00a0SM<\/li>\n<li>2030: 1,75\u00a0SM<\/li>\n<li>2031: 1,70\u00a0SM<\/li>\n<li>2032: 1,65 SM<\/li>\n<li>2033: 1,60\u00a0SM<\/li>\n<li>2034: 1,55\u00a0SM<\/li>\n<li>2035: 1,50\u00a0SM<\/li>\n<\/ul>\n<h2>Quem pode acessar o PIS\/Pasep?<\/h2>\n<p>Pela legisla\u00e7\u00e3o atual, t\u00eam direito ao abono do PIS\/Pasep aqueles que trabalharam formalmente no ano-base do pagamento, com remunera\u00e7\u00e3o mensal de at\u00e9 dois sal\u00e1rios m\u00ednimos. Al\u00e9m disso, o trabalhador tem que estar inscrito no programa h\u00e1 pelo menos cinco anos e seus dados devem ter sido enviados corretamente pelo empregador na Rela\u00e7\u00e3o Anual de Informa\u00e7\u00f5es Sociais (Rais).<\/p>\n<h2>Como \u00e9 feito o pagamento do PIS\/Pasep?<\/h2>\n<p>O pagamento do PIS \u00e9 efetuado pela Caixa Econ\u00f4mica Federal aos trabalhadores da iniciativa privada cuja carteira \u00e9 assinada. Os valores s\u00e3o liberados automaticamente para quem \u00e9 cliente do banco, pago m\u00eas de anivers\u00e1rio do trabalhador.<\/p>\n<p>J\u00e1 aqueles que n\u00e3o t\u00eam conta na Caixa recebem o cr\u00e9dito na poupan\u00e7a social digital movimentada pelo aplicativo Caixa Tem.<\/p>\n<p>Em rela\u00e7\u00e3o ao pagamento do Pasep, o abono \u00e9 pago pelo Banco do Brasil (BB) a servidores p\u00fablicos. Os clientes do BB recebem diretamente na conta e os outros devem procurar uma ag\u00eancia banc\u00e1ria para sacar o dinheiro.<\/p>\n<h2>Outras mudan\u00e7as previstas no pacote do governo<\/h2>\n<p>Entre as propostas do governo que comp\u00f5em o pacote de corte de gastos tamb\u00e9m est\u00e3o mudan\u00e7as no sal\u00e1rio m\u00ednimo, na aposentadoria de militares e nos recursos da educa\u00e7\u00e3o. Tamb\u00e9m foi anunciada uma reforma na tabela do imposto de renda, que deve isentar trabalhadores que recebem at\u00e9 R$ 5.000,00.\u00a0<\/p>\n<p>A proposta do governo ser\u00e1 encaminhada para an\u00e1lise do Congresso Nacional para aprova\u00e7\u00e3o. As medidas devem ser analisadas primeiro pela C\u00e2mara e depois pelo Senado.\u00a0<\/p>\n<p>O presidente do Senado, Rodrigo Pacheco, afirmou que pretende que as medidas da equipe econ\u00f4mica sejam votadas pelos senadores antes do recesso parlamentar, que come\u00e7a dia 22 de dezembro.\u00a0<\/p>\n<p>\t\t\t\t\t\t\t\t\t<img loading=\"lazy\" decoding=\"async\" src=\"https:\/\/brasil61.com\/api\/v1\/serve_pixel\/17677\/78760\" alt=\"Pixel Brasil 61\" class=\"b61_pixel\" width=\"0\" height=\"0\"><\/p>\n<input type=\"hidden\" id=\"baseurl\" value=\"https:\/\/noticiasdestaque.com.br\"><input type=\"hidden\" id=\"audio_nonce\" value=\"6f73a554f1\">","protected":false},"excerpt":{"rendered":"<p>Em 2025, ter\u00e3o direito ao benef\u00edcio os trabalhadores que ganham at\u00e9 R$ 2.640. Atualmente, o abono salarial \u00e9 pago aos trabalhadores que recebem at\u00e9 dois sal\u00e1rios m\u00ednimos<\/p>\n","protected":false},"author":1,"featured_media":40098,"comment_status":"open","ping_status":"open","sticky":false,"template":"","format":"standard","meta":{"fifu_image_url":"","fifu_image_alt":"","footnotes":""},"categories":[59],"tags":[],"class_list":["post-40097","post","type-post","status-publish","format-standard","has-post-thumbnail","hentry","category-economia"],"distributor_meta":false,"distributor_terms":false,"distributor_media":false,"distributor_original_site_name":"Noticias em Destaque","distributor_original_site_url":"https:\/\/noticiasdestaque.com.br","push-errors":false,"_links":{"self":[{"href":"https:\/\/noticiasdestaque.com.br\/index.php\/wp-json\/wp\/v2\/posts\/40097","targetHints":{"allow":["GET"]}}],"collection":[{"href":"https:\/\/noticiasdestaque.com.br\/index.php\/wp-json\/wp\/v2\/posts"}],"about":[{"href":"https:\/\/noticiasdestaque.com.br\/index.php\/wp-json\/wp\/v2\/types\/post"}],"author":[{"embeddable":true,"href":"https:\/\/noticiasdestaque.com.br\/index.php\/wp-json\/wp\/v2\/users\/1"}],"replies":[{"embeddable":true,"href":"https:\/\/noticiasdestaque.com.br\/index.php\/wp-json\/wp\/v2\/comments?post=40097"}],"version-history":[{"count":0,"href":"https:\/\/noticiasdestaque.com.br\/index.php\/wp-json\/wp\/v2\/posts\/40097\/revisions"}],"wp:featuredmedia":[{"embeddable":true,"href":"https:\/\/noticiasdestaque.com.br\/index.php\/wp-json\/wp\/v2\/media\/40098"}],"wp:attachment":[{"href":"https:\/\/noticiasdestaque.com.br\/index.php\/wp-json\/wp\/v2\/media?parent=40097"}],"wp:term":[{"taxonomy":"category","embeddable":true,"href":"https:\/\/noticiasdestaque.com.br\/index.php\/wp-json\/wp\/v2\/categories?post=40097"},{"taxonomy":"post_tag","embeddable":true,"href":"https:\/\/noticiasdestaque.com.br\/index.php\/wp-json\/wp\/v2\/tags?post=40097"}],"curies":[{"name":"wp","href":"https:\/\/api.w.org\/{rel}","templated":true}]}}