{"id":40065,"date":"2024-11-27T18:00:00","date_gmt":"2024-11-27T21:00:00","guid":{"rendered":"https:\/\/noticiasdestaque.com.br\/index.php\/2024\/11\/27\/previsao-do-tempo-sul-tera-tempestade-nesta-quinta-feira-28\/"},"modified":"2024-11-27T18:00:00","modified_gmt":"2024-11-27T21:00:00","slug":"previsao-do-tempo-sul-tera-tempestade-nesta-quinta-feira-28","status":"publish","type":"post","link":"https:\/\/noticiasdestaque.com.br\/index.php\/2024\/11\/27\/previsao-do-tempo-sul-tera-tempestade-nesta-quinta-feira-28\/","title":{"rendered":"PREVIS\u00c3O DO TEMPO: Sul ter\u00e1 tempestade nesta quinta-feira (28)"},"content":{"rendered":"<p>\t\t\t\t\t\t\t\t\t\t<audio controls class=\"b61_audio_player\" data-noticia=\"78735\" src=\"https:\/\/brasil61.com\/rails\/active_storage\/blobs\/eyJfcmFpbHMiOnsibWVzc2FnZSI6IkJBaHBBM0VWQXc9PSIsImV4cCI6bnVsbCwicHVyIjoiYmxvYl9pZCJ9fQ==--9f941e065b853a3a240e0f717095df56a3960665\/PTRS243776A\"><\/audio><\/p>\n<p>A quinta-feira (28) na regi\u00e3o Sul do pa\u00eds ter\u00e1 tempestade em diversas regi\u00f5es dos tr\u00eas estados, com chuva de at\u00e9 50 mm\/dia. O alerta \u00e9 de perigo nas regi\u00f5es noroeste, nordeste, sudoeste e centro Ocidental do Rio Grande do Sul. Inclusive, a previs\u00e3o \u00e9 de c\u00e9u com muitas nuvens e trovoadas isoladas para todo o estado.\u00a0<\/p>\n<p>O alerta de perigo para tempestade tamb\u00e9m vale para o oeste e sul catarinense. J\u00e1 o estado do Paran\u00e1 ter\u00e1 as regi\u00f5es sudoeste, oeste, Centro-Sul e sudeste afetadas.<\/p>\n<p>No per\u00edodo da tarde tamb\u00e9m deve ter chuva isolada em grande parte dos estados, inclusive nas \u00e1reas litor\u00e2neas.\u00a0<\/p>\n<p>Entre as capitais, a temperatura m\u00ednima prevista \u00e9 de 21\u00b0C, em Curitiba. J\u00e1 a m\u00e1xima pode chegar a 30\u00b0C, em Florian\u00f3polis. A umidade relativa do ar varia entre 30% e 95%.<\/p>\n<p>As informa\u00e7\u00f5es s\u00e3o do Instituto Nacional de Meteorologia. \u00a0<\/p>\n<p>\u00a0<\/p>\n<p>\t\t\t\t\t\t\t\t\t<img loading=\"lazy\" decoding=\"async\" src=\"https:\/\/brasil61.com\/api\/v1\/serve_pixel\/17677\/78735\" alt=\"Pixel Brasil 61\" class=\"b61_pixel\" width=\"0\" height=\"0\"><\/p>\n<input type=\"hidden\" id=\"baseurl\" value=\"https:\/\/noticiasdestaque.com.br\"><input type=\"hidden\" id=\"audio_nonce\" value=\"6f73a554f1\">","protected":false},"excerpt":{"rendered":"<p>O alerta \u00e9 de perigo para diversas regi\u00f5es dos tr\u00eas estados, RS, SC e PR<\/p>\n","protected":false},"author":1,"featured_media":40066,"comment_status":"open","ping_status":"open","sticky":false,"template":"","format":"standard","meta":{"fifu_image_url":"","fifu_image_alt":"","footnotes":""},"categories":[58],"tags":[],"class_list":["post-40065","post","type-post","status-publish","format-standard","has-post-thumbnail","hentry","category-cotidiano"],"distributor_meta":false,"distributor_terms":false,"distributor_media":false,"distributor_original_site_name":"Noticias em Destaque","distributor_original_site_url":"https:\/\/noticiasdestaque.com.br","push-errors":false,"_links":{"self":[{"href":"https:\/\/noticiasdestaque.com.br\/index.php\/wp-json\/wp\/v2\/posts\/40065","targetHints":{"allow":["GET"]}}],"collection":[{"href":"https:\/\/noticiasdestaque.com.br\/index.php\/wp-json\/wp\/v2\/posts"}],"about":[{"href":"https:\/\/noticiasdestaque.com.br\/index.php\/wp-json\/wp\/v2\/types\/post"}],"author":[{"embeddable":true,"href":"https:\/\/noticiasdestaque.com.br\/index.php\/wp-json\/wp\/v2\/users\/1"}],"replies":[{"embeddable":true,"href":"https:\/\/noticiasdestaque.com.br\/index.php\/wp-json\/wp\/v2\/comments?post=40065"}],"version-history":[{"count":0,"href":"https:\/\/noticiasdestaque.com.br\/index.php\/wp-json\/wp\/v2\/posts\/40065\/revisions"}],"wp:featuredmedia":[{"embeddable":true,"href":"https:\/\/noticiasdestaque.com.br\/index.php\/wp-json\/wp\/v2\/media\/40066"}],"wp:attachment":[{"href":"https:\/\/noticiasdestaque.com.br\/index.php\/wp-json\/wp\/v2\/media?parent=40065"}],"wp:term":[{"taxonomy":"category","embeddable":true,"href":"https:\/\/noticiasdestaque.com.br\/index.php\/wp-json\/wp\/v2\/categories?post=40065"},{"taxonomy":"post_tag","embeddable":true,"href":"https:\/\/noticiasdestaque.com.br\/index.php\/wp-json\/wp\/v2\/tags?post=40065"}],"curies":[{"name":"wp","href":"https:\/\/api.w.org\/{rel}","templated":true}]}}