{"id":40049,"date":"2024-11-24T03:33:00","date_gmt":"2024-11-24T06:33:00","guid":{"rendered":"https:\/\/noticiasdestaque.com.br\/index.php\/2024\/11\/24\/pec-pode-garantir-reajuste-do-piso-da-enfermagem\/"},"modified":"2024-11-24T03:33:00","modified_gmt":"2024-11-24T06:33:00","slug":"pec-pode-garantir-reajuste-do-piso-da-enfermagem","status":"publish","type":"post","link":"https:\/\/noticiasdestaque.com.br\/index.php\/2024\/11\/24\/pec-pode-garantir-reajuste-do-piso-da-enfermagem\/","title":{"rendered":"PEC pode garantir reajuste do piso da enfermagem"},"content":{"rendered":"<p>\t\t\t\t\t\t\t\t\t\t<audio controls class=\"b61_audio_player\" data-noticia=\"78656\" src=\"https:\/\/brasil61.com\/rails\/active_storage\/blobs\/eyJfcmFpbHMiOnsibWVzc2FnZSI6IkJBaHBBOEVUQXc9PSIsImV4cCI6bnVsbCwicHVyIjoiYmxvYl9pZCJ9fQ==--b174f7cf91628ad59b13a31c50c137c673204d07\/BRAS2413055A\"><\/audio><\/p>\n<p>Uma Proposta de Emenda \u00e0 Constitui\u00e7\u00e3o (PEC) ir\u00e1 propor o reajuste do Piso de Enfermagem conforme infla\u00e7\u00e3o anual, segundo an\u00fancio do deputado Bruno Farias (Avante-MG), presidente do Conselho Regional de Enfermagem de Minas Gerais (<a href=\"https:\/\/www.corenmg.gov.br\/\" target=\"_blank\">Coren-MG<\/a>).\u00a0<\/p>\n<p>Segundo o parlamentar, a ideia \u00e9 garantir o reajuste de acordo com o \u00edndice de pre\u00e7os ao consumidor (IPCA).\u00a0<\/p>\n<p>O deputado Bruno Farias anunciou ainda, por meio de uma rede social, a inclus\u00e3o de R$ 11 bilh\u00f5es\u00a0 no or\u00e7amento\u00a0destinados ao pagamento do piso da enfermagem em 2025. Ele afirmou que, com isso, o montante j\u00e1 est\u00e1 garantido para a categoria no ano que vem. Por\u00e9m, o or\u00e7amento ainda ser\u00e1 votado neste m\u00eas pelo Congresso Nacional.<\/p>\n<h2>Repasse do\u00a0Minist\u00e9rio da Sa\u00fade<\/h2>\n<p>No final de outubro o Minist\u00e9rio da Sa\u00fade publicou a <a href=\"https:\/\/www.in.gov.br\/en\/web\/dou\/-\/portaria-gm\/ms-n-5.638-de-25-de-outubro-de-2024-592814199\">Portaria GM\/MS n\u00ba 5.638\/2024<\/a>, com os valores da parcela de outubro do repasse da Assist\u00eancia Financeira Complementar (AFC) da Uni\u00e3o para pagamento do Piso Nacional da Enfermagem a estados e munic\u00edpios. O total\u00a0chega a R$ 716.060.824,59, entre valores destinados \u00e0 execu\u00e7\u00e3o municipal e estadual.\u00a0<\/p>\n<p>O recurso busca assegurar que os entes federados cumpram o pagamento conforme o piso. At\u00e9 outubro de 2024, j\u00e1 foram transferidos R$ 8,3 bilh\u00f5es para a AFC.<\/p>\n<h2>PISO DA ENFERMAGEM: ranking de valores repassados por estado<\/h2>\n<table border=\"0\" cellpadding=\"0\" cellspacing=\"0\" style=\"font-size: 13px\" width=\"100%\">\n<tbody>\n<tr>\n<th><strong>Ranking<\/strong><\/th>\n<th><strong>Estado<\/strong><\/th>\n<th><strong>Munic\u00edpios<\/strong><\/th>\n<th><strong>\u00a0Valores Gest\u00e3o Estadual <\/strong><\/th>\n<th><strong>\u00a0Valores Gest\u00e3o Municipal <\/strong><\/th>\n<th><strong>\u00a0Total <\/strong><\/th>\n<\/tr>\n<tr>\n<td>1<\/td>\n<td>MG<\/td>\n<td>717<\/td>\n<td>\u00a0<\/td>\n<td>\u00a0R$ 102.043.179,91<\/td>\n<td>\u00a0R$ 102.043.179,91<\/td>\n<\/tr>\n<tr>\n<td>2<\/td>\n<td>BA<\/td>\n<td>337<\/td>\n<td>\u00a0R$ 29.437.603,94<\/td>\n<td>\u00a0R$ 47.059.214,02<\/td>\n<td>\u00a0R$ 76.496.817,96<\/td>\n<\/tr>\n<tr>\n<td>3<\/td>\n<td>PE<\/td>\n<td>177<\/td>\n<td>\u00a0R$ 34.956.042,38<\/td>\n<td>\u00a0R$ 30.017.635,22<\/td>\n<td>\u00a0R$ 64.973.677,60<\/td>\n<\/tr>\n<tr>\n<td>4<\/td>\n<td>MA<\/td>\n<td>207<\/td>\n<td>\u00a0R$ 15.967.016,65<\/td>\n<td>\u00a0R$ 40.385.500,41<\/td>\n<td>\u00a0R$ 56.352.517,06<\/td>\n<\/tr>\n<tr>\n<td>5<\/td>\n<td>RJ<\/td>\n<td>71<\/td>\n<td>\u00a0R$ 4.729.240,59<\/td>\n<td>\u00a0R$ 42.631.292,25<\/td>\n<td>\u00a0R$ 47.360.532,84<\/td>\n<\/tr>\n<tr>\n<td>6<\/td>\n<td>PA<\/td>\n<td>137<\/td>\n<td>\u00a0R$ 11.092.100,97<\/td>\n<td>\u00a0R$ 33.796.664,97<\/td>\n<td>\u00a0R$ 44.888.765,94<\/td>\n<\/tr>\n<tr>\n<td>7<\/td>\n<td>CE<\/td>\n<td>156<\/td>\n<td>\u00a0R$ 5.519.424,98<\/td>\n<td>\u00a0R$ 36.544.324,81<\/td>\n<td>\u00a0R$ 42.063.749,79<\/td>\n<\/tr>\n<tr>\n<td>8<\/td>\n<td>SP<\/td>\n<td>477<\/td>\n<td>\u00a0R$ 5.962.674,47<\/td>\n<td>\u00a0R$ 31.423.242,07<\/td>\n<td>\u00a0R$ 37.385.916,54<\/td>\n<\/tr>\n<tr>\n<td>9<\/td>\n<td>PR<\/td>\n<td>221<\/td>\n<td>\u00a0R$ 15.968.007,24<\/td>\n<td>\u00a0R$ 13.887.574,15<\/td>\n<td>\u00a0R$ 29.855.581,39<\/td>\n<\/tr>\n<tr>\n<td>10<\/td>\n<td>RS<\/td>\n<td>273<\/td>\n<td>\u00a0R$ 11.452.486,67<\/td>\n<td>\u00a0R$ 16.086.311,76<\/td>\n<td>\u00a0R$ 27.538.798,43<\/td>\n<\/tr>\n<tr>\n<td>11<\/td>\n<td>PB<\/td>\n<td>205<\/td>\n<td>\u00a0<\/td>\n<td>\u00a0R$ 25.664.405,00<\/td>\n<td>\u00a0R$ 25.664.405,00<\/td>\n<\/tr>\n<tr>\n<td>12<\/td>\n<td>RN<\/td>\n<td>143<\/td>\n<td>\u00a0R$ 5.314.459,11<\/td>\n<td>\u00a0R$ 16.411.491,34<\/td>\n<td>\u00a0R$ 21.725.950,45<\/td>\n<\/tr>\n<tr>\n<td>13<\/td>\n<td>AM<\/td>\n<td>55<\/td>\n<td>\u00a0R$ 8.112.051,42<\/td>\n<td>\u00a0R$\u00a0 \u00a09.301.196,02<\/td>\n<td>\u00a0R$ 17.413.247,44<\/td>\n<\/tr>\n<tr>\n<td>14<\/td>\n<td>AL<\/td>\n<td>90<\/td>\n<td>\u00a0R$ 2.032.811,21<\/td>\n<td>\u00a0R$ 14.260.124,45<\/td>\n<td>\u00a0R$ 16.292.935,66<\/td>\n<\/tr>\n<tr>\n<td>15<\/td>\n<td>GO<\/td>\n<td>92<\/td>\n<td>\u00a0R$ 5.058.373,94<\/td>\n<td>\u00a0R$ 10.489.143,13<\/td>\n<td>\u00a0R$ 15.547.517,07<\/td>\n<\/tr>\n<tr>\n<td>16<\/td>\n<td>SC<\/td>\n<td>133<\/td>\n<td>\u00a0R$ 8.272.071,80<\/td>\n<td>\u00a0R$\u00a0 \u00a05.746.190,47<\/td>\n<td>\u00a0R$ 14.018.262,27<\/td>\n<\/tr>\n<tr>\n<td>17<\/td>\n<td>ES<\/td>\n<td>56<\/td>\n<td>\u00a0R$ 5.250.341,19<\/td>\n<td>\u00a0R$\u00a0 \u00a07.279.719,78<\/td>\n<td>\u00a0R$ 12.530.060,97<\/td>\n<\/tr>\n<tr>\n<td>18<\/td>\n<td>PI<\/td>\n<td>207<\/td>\n<td>\u00a0<\/td>\n<td>\u00a0R$ 11.796.656,55<\/td>\n<td>\u00a0R$ 11.796.656,55<\/td>\n<\/tr>\n<tr>\n<td>19<\/td>\n<td>TO<\/td>\n<td>124<\/td>\n<td>\u00a0R$ 4.988.865,70<\/td>\n<td>\u00a0R$\u00a0 \u00a05.453.330,95<\/td>\n<td>\u00a0R$ 10.442.196,65<\/td>\n<\/tr>\n<tr>\n<td>20<\/td>\n<td>MS<\/td>\n<td>54<\/td>\n<td>\u00a0R$ 1.105.036,48<\/td>\n<td>\u00a0R$\u00a0 \u00a08.500.302,50<\/td>\n<td>\u00a0R$\u00a0 \u00a09.605.338,98<\/td>\n<\/tr>\n<tr>\n<td>21<\/td>\n<td>MT<\/td>\n<td>90<\/td>\n<td>\u00a0<\/td>\n<td>\u00a0R$\u00a0 \u00a08.745.499,42<\/td>\n<td>\u00a0R$\u00a0 \u00a08.745.499,42<\/td>\n<\/tr>\n<tr>\n<td>22<\/td>\n<td>SE<\/td>\n<td>66<\/td>\n<td>\u00a0R$ 4.831.927,37<\/td>\n<td>\u00a0R$\u00a0 \u00a03.730.035,27<\/td>\n<td>\u00a0R$\u00a0 \u00a08.561.962,64<\/td>\n<\/tr>\n<tr>\n<td>23<\/td>\n<td>RO<\/td>\n<td>40<\/td>\n<td>\u00a0<\/td>\n<td>\u00a0R$\u00a0 \u00a05.144.300,75<\/td>\n<td>\u00a0R$\u00a0 \u00a05.144.300,75<\/td>\n<\/tr>\n<tr>\n<td>24<\/td>\n<td>AP<\/td>\n<td>15<\/td>\n<td>\u00a0R$ 574.061,14<\/td>\n<td>\u00a0R$\u00a0 \u00a04.200.254,15<\/td>\n<td>\u00a0R$\u00a0 \u00a04.774.315,29<\/td>\n<\/tr>\n<tr>\n<td>25<\/td>\n<td>AC<\/td>\n<td>17<\/td>\n<td>\u00a0R$ 2.447.212,76<\/td>\n<td>\u00a0R$\u00a0 \u00a01.289.259,75<\/td>\n<td>\u00a0R$\u00a0 \u00a03.736.472,51<\/td>\n<\/tr>\n<tr>\n<td>26<\/td>\n<td>RR<\/td>\n<td>14<\/td>\n<td>\u00a0<\/td>\n<td>\u00a0R$ 959.979,46<\/td>\n<td>\u00a0R$\u00a0 959.979,46<\/td>\n<\/tr>\n<tr>\n<td>27<\/td>\n<td>DF<\/td>\n<td>\u00a0<\/td>\n<td>\u00a0R$ 142.186,02<\/td>\n<td>\u00a0<\/td>\n<td>\u00a0R$\u00a0 142.186,02<\/td>\n<\/tr>\n<tr>\n<td>\u00a0<\/td>\n<td>\u00a0<\/td>\n<td><strong>4174<\/strong><\/td>\n<td><strong>R$ 183.213.996,03<\/strong><\/td>\n<td><strong>R$ 532.846.828,56<\/strong><\/td>\n<td><strong>R$ 716.060.824,59<\/strong><\/td>\n<\/tr>\n<\/tbody>\n<\/table>\n<h2>PEC das 30h\u00a0<\/h2>\n<p>J\u00e1 tramita no Congresso, a PEC 19\/2024 que vincula o piso \u00e0 jornada de trabalho da categoria. O texto \u00e9 de autoria da senadora Eliziane Gama, em conjunto com outros 26 senadores.\u00a0<br \/>\n\u00a0<\/p>\n<p>\t\t\t\t\t\t\t\t\t<img loading=\"lazy\" decoding=\"async\" src=\"https:\/\/brasil61.com\/api\/v1\/serve_pixel\/17677\/78656\" alt=\"Pixel Brasil 61\" class=\"b61_pixel\" width=\"0\" height=\"0\"><\/p>\n<input type=\"hidden\" id=\"baseurl\" value=\"https:\/\/noticiasdestaque.com.br\"><input type=\"hidden\" id=\"audio_nonce\" value=\"6f73a554f1\">","protected":false},"excerpt":{"rendered":"<p>Proposta de Emenda \u00e0 Constitui\u00e7\u00e3o (PEC) prop\u00f5e reajuste pela infla\u00e7\u00e3o anual. Deputado Bruno Farias (Avante-MG), presidente do Coren-MG anuncia, ainda, inclus\u00e3o de R$ 11 bilh\u00f5es para garantir piso em 2025<\/p>\n","protected":false},"author":1,"featured_media":40050,"comment_status":"open","ping_status":"open","sticky":false,"template":"","format":"standard","meta":{"fifu_image_url":"","fifu_image_alt":"","footnotes":""},"categories":[51],"tags":[],"class_list":["post-40049","post","type-post","status-publish","format-standard","has-post-thumbnail","hentry","category-saude"],"distributor_meta":false,"distributor_terms":false,"distributor_media":false,"distributor_original_site_name":"Noticias em Destaque","distributor_original_site_url":"https:\/\/noticiasdestaque.com.br","push-errors":false,"_links":{"self":[{"href":"https:\/\/noticiasdestaque.com.br\/index.php\/wp-json\/wp\/v2\/posts\/40049","targetHints":{"allow":["GET"]}}],"collection":[{"href":"https:\/\/noticiasdestaque.com.br\/index.php\/wp-json\/wp\/v2\/posts"}],"about":[{"href":"https:\/\/noticiasdestaque.com.br\/index.php\/wp-json\/wp\/v2\/types\/post"}],"author":[{"embeddable":true,"href":"https:\/\/noticiasdestaque.com.br\/index.php\/wp-json\/wp\/v2\/users\/1"}],"replies":[{"embeddable":true,"href":"https:\/\/noticiasdestaque.com.br\/index.php\/wp-json\/wp\/v2\/comments?post=40049"}],"version-history":[{"count":0,"href":"https:\/\/noticiasdestaque.com.br\/index.php\/wp-json\/wp\/v2\/posts\/40049\/revisions"}],"wp:featuredmedia":[{"embeddable":true,"href":"https:\/\/noticiasdestaque.com.br\/index.php\/wp-json\/wp\/v2\/media\/40050"}],"wp:attachment":[{"href":"https:\/\/noticiasdestaque.com.br\/index.php\/wp-json\/wp\/v2\/media?parent=40049"}],"wp:term":[{"taxonomy":"category","embeddable":true,"href":"https:\/\/noticiasdestaque.com.br\/index.php\/wp-json\/wp\/v2\/categories?post=40049"},{"taxonomy":"post_tag","embeddable":true,"href":"https:\/\/noticiasdestaque.com.br\/index.php\/wp-json\/wp\/v2\/tags?post=40049"}],"curies":[{"name":"wp","href":"https:\/\/api.w.org\/{rel}","templated":true}]}}