{"id":40047,"date":"2024-11-21T19:28:00","date_gmt":"2024-11-21T22:28:00","guid":{"rendered":"https:\/\/noticiasdestaque.com.br\/index.php\/2024\/11\/21\/tosse-em-crianca-pode-ser-asma\/"},"modified":"2024-11-21T19:28:00","modified_gmt":"2024-11-21T22:28:00","slug":"tosse-em-crianca-pode-ser-asma","status":"publish","type":"post","link":"https:\/\/noticiasdestaque.com.br\/index.php\/2024\/11\/21\/tosse-em-crianca-pode-ser-asma\/","title":{"rendered":"Tosse em crian\u00e7a: pode ser asma?"},"content":{"rendered":"<p>\t\t\t\t\t\t\t\t\t\t<audio controls class=\"b61_audio_player\" data-noticia=\"78634\" src=\"https:\/\/brasil61.com\/rails\/active_storage\/blobs\/eyJfcmFpbHMiOnsibWVzc2FnZSI6IkJBaHBBMkVUQXc9PSIsImV4cCI6bnVsbCwicHVyIjoiYmxvYl9pZCJ9fQ==--db0df2ef983f0b3e357e2ff099b72dbefcbdb6b5\/BLOG240632A\"><\/audio><\/p>\n<p>Asma infantil \u00e9 uma condi\u00e7\u00e3o respirat\u00f3ria frequente e envolve inflama\u00e7\u00e3o dos br\u00f4nquios, que leva ar aos pulm\u00f5es. Quando uma crian\u00e7a entra em contato com subst\u00e2ncias irritantes, como poeira ou polui\u00e7\u00e3o, os br\u00f4nquios ficam inflamados e mais sens\u00edveis.<\/p>\n<p>Os principais sintomas incluem: crise de tosse, especialmente ap\u00f3s atividades f\u00edsicas, tosse persistente ap\u00f3s infec\u00e7\u00f5es virais, falta de ar e chiado no peito. Em situa\u00e7\u00f5es graves, como falta de ar extremo e l\u00e1bios arroxeados, \u00e9 essencial procurar atendimento m\u00e9dico de urg\u00eancia. Reconhecer os sinais de asma pode levar a um diagn\u00f3stico precoce e a um tratamento adequado para a crian\u00e7a, evitando complica\u00e7\u00f5es.<\/p>\n<p>Veja ao v\u00eddeo com a explica\u00e7\u00e3o do especialista:<\/p>\n<p>\u00a0<\/p>\n<\/p>\n<p>Tenha acesso aos conte\u00fados do Doutor Ajuda. Acesse: www.portaldoutorajuda.com.br.<br \/>\n\u00a0<\/p>\n<p>\t\t\t\t\t\t\t\t\t<img loading=\"lazy\" decoding=\"async\" src=\"https:\/\/brasil61.com\/api\/v1\/serve_pixel\/17677\/78634\" alt=\"Pixel Brasil 61\" class=\"b61_pixel\" width=\"0\" height=\"0\"><\/p>\n<input type=\"hidden\" id=\"baseurl\" value=\"https:\/\/noticiasdestaque.com.br\"><input type=\"hidden\" id=\"audio_nonce\" value=\"35cc8f9b14\">","protected":false},"excerpt":{"rendered":"<p>Neste epis\u00f3dio, o Pediatra Dr. Thomaz Bittencourt Couto (CRM: 120.361\/ SP) explica sobre asma em crian\u00e7as.<\/p>\n","protected":false},"author":1,"featured_media":40048,"comment_status":"open","ping_status":"open","sticky":false,"template":"","format":"standard","meta":{"fifu_image_url":"","fifu_image_alt":"","footnotes":""},"categories":[51],"tags":[],"class_list":["post-40047","post","type-post","status-publish","format-standard","has-post-thumbnail","hentry","category-saude"],"distributor_meta":false,"distributor_terms":false,"distributor_media":false,"distributor_original_site_name":"Noticias em Destaque","distributor_original_site_url":"https:\/\/noticiasdestaque.com.br","push-errors":false,"_links":{"self":[{"href":"https:\/\/noticiasdestaque.com.br\/index.php\/wp-json\/wp\/v2\/posts\/40047","targetHints":{"allow":["GET"]}}],"collection":[{"href":"https:\/\/noticiasdestaque.com.br\/index.php\/wp-json\/wp\/v2\/posts"}],"about":[{"href":"https:\/\/noticiasdestaque.com.br\/index.php\/wp-json\/wp\/v2\/types\/post"}],"author":[{"embeddable":true,"href":"https:\/\/noticiasdestaque.com.br\/index.php\/wp-json\/wp\/v2\/users\/1"}],"replies":[{"embeddable":true,"href":"https:\/\/noticiasdestaque.com.br\/index.php\/wp-json\/wp\/v2\/comments?post=40047"}],"version-history":[{"count":0,"href":"https:\/\/noticiasdestaque.com.br\/index.php\/wp-json\/wp\/v2\/posts\/40047\/revisions"}],"wp:featuredmedia":[{"embeddable":true,"href":"https:\/\/noticiasdestaque.com.br\/index.php\/wp-json\/wp\/v2\/media\/40048"}],"wp:attachment":[{"href":"https:\/\/noticiasdestaque.com.br\/index.php\/wp-json\/wp\/v2\/media?parent=40047"}],"wp:term":[{"taxonomy":"category","embeddable":true,"href":"https:\/\/noticiasdestaque.com.br\/index.php\/wp-json\/wp\/v2\/categories?post=40047"},{"taxonomy":"post_tag","embeddable":true,"href":"https:\/\/noticiasdestaque.com.br\/index.php\/wp-json\/wp\/v2\/tags?post=40047"}],"curies":[{"name":"wp","href":"https:\/\/api.w.org\/{rel}","templated":true}]}}