{"id":40045,"date":"2024-11-22T00:03:00","date_gmt":"2024-11-22T03:03:00","guid":{"rendered":"https:\/\/noticiasdestaque.com.br\/index.php\/2024\/11\/22\/minas-gerais-dia-d-da-campanha-de-multivacinacao-para-criancas-e-adolescentes-neste-sabado-23\/"},"modified":"2024-11-22T00:03:00","modified_gmt":"2024-11-22T03:03:00","slug":"minas-gerais-dia-d-da-campanha-de-multivacinacao-para-criancas-e-adolescentes-neste-sabado-23","status":"publish","type":"post","link":"https:\/\/noticiasdestaque.com.br\/index.php\/2024\/11\/22\/minas-gerais-dia-d-da-campanha-de-multivacinacao-para-criancas-e-adolescentes-neste-sabado-23\/","title":{"rendered":"Minas Gerais: Dia D da campanha de multivacina\u00e7\u00e3o para crian\u00e7as e adolescentes neste s\u00e1bado (23)"},"content":{"rendered":"<p>\t\t\t\t\t\t\t\t\t\t<audio controls class=\"b61_audio_player\" data-noticia=\"78629\" src=\"https:\/\/brasil61.com\/rails\/active_storage\/blobs\/eyJfcmFpbHMiOnsibWVzc2FnZSI6IkJBaHBBMW9UQXc9PSIsImV4cCI6bnVsbCwicHVyIjoiYmxvYl9pZCJ9fQ==--6bee67de5151dfe7d906f46e6fefc0f9a8638584\/BRAS2413046A\"><\/audio><\/p>\n<p>O dia D da <a href=\"https:\/\/prefeitura.pbh.gov.br\/saude\/informacoes\/vigilancia\/imunizacao\/multivacinacao\" target=\"_blank\">Campanha Nacional de Multivacina\u00e7\u00e3o<\/a> no estado de Minas Gerais ser\u00e1 no s\u00e1bado, 23 de novembro. A campanha tem o intuito de garantir a atualiza\u00e7\u00e3o do cart\u00e3o de vacina\u00e7\u00e3o de todas as crian\u00e7as e adolescentes mineiros de at\u00e9 15 anos. A iniciativa, segundo a Secretaria de Estado de Sa\u00fade de Minas Gerais (<a href=\"https:\/\/www.saude.mg.gov.br\/\" target=\"_blank\">SES-MG<\/a>), \u00e9 uma estrat\u00e9gia relevante para impulsionar as coberturas vacinais no estado.\u00a0<\/p>\n<p>A campanha da SES-MG come\u00e7ou no \u00faltimo dia 4 e a popula\u00e7\u00e3o-alvo da iniciativa soma 3.729.933 mineiros. Segundo o \u00f3rg\u00e3o, 66.314 doses j\u00e1 foram aplicadas em crian\u00e7as e adolescentes menores de 15 anos at\u00e9 o dia 12 de novembro,\u00a0em 757 munic\u00edpios do estado. Os dados s\u00e3o do Painel Vacina\u00e7\u00e3o do Calend\u00e1rio Vacinal.\u00a0<\/p>\n<p>O subsecret\u00e1rio de Vigil\u00e2ncia em Sa\u00fade da SES-MG, Eduardo Prosdoscimi, destaca a relev\u00e2ncia, efic\u00e1cia e seguran\u00e7a\u00a0da vacina\u00e7\u00e3o para a prote\u00e7\u00e3o dos pequenos. Ele tamb\u00e9m convida os pais a levarem seus filhos para vacinar.<\/p>\n<p>\u201cA gente sempre bate na tecla que a vacina \u00e9 a melhor alternativa para a gente evitar doen\u00e7as que s\u00e3o imunopreven\u00edveis, ou seja, que podem e devem ser evitadas com a utiliza\u00e7\u00e3o da vacina, e que ela \u00e9 eficaz e segura. Portanto, voc\u00ea papai, mam\u00e3e, leve seu filho, sua filha, leve voc\u00ea tamb\u00e9m sua caderneta de vacina\u00e7\u00e3o e veja quais s\u00e3o as vacinas dispon\u00edveis e que podem e devem ser aplicadas. Vale salientar que as vacinas salvam vidas, portanto, bora vacinar\u201d, enfatiza Prosdoscimi.<\/p>\n<p>A campanha conta, ainda, com os vacim\u00f3veis, que s\u00e3o ve\u00edculos equipados para atuar como unidades itinerantes de vacina\u00e7\u00e3o. \u201cOs vacim\u00f3veis estar\u00e3o rodando em toda Minas Gerais, nas vacina\u00e7\u00f5es extramurais, em pra\u00e7as, parques, para a gente fazer a atualiza\u00e7\u00e3o da caderneta vacinal\u201d, afirma o subsecret\u00e1rio.<\/p>\n<p>As doses ser\u00e3o disponibilizadas durante o hor\u00e1rio de funcionamento das UBS\u2019s e tamb\u00e9m no Departamento de Sa\u00fade da Mulher, Gestante, Crian\u00e7a e Adolescente (DSMGCA).\u00a0<\/p>\n<p>Confira <a href=\"https:\/\/www.pjf.mg.gov.br\/noticias\/view.php?modo=link2&amp;idnoticia2=84790\" target=\"_blank\">aqui<\/a> o hor\u00e1rio de funcionamento das Salas de Vacina em Minas Gerais.<\/p>\n<h2>Disponibiliza\u00e7\u00e3o de imunizantes<\/h2>\n<p>Segundo a SES-MG, mais de 1,9 milh\u00e3o de doses de imunizantes foram distribu\u00eddas para atender ao p\u00fablico-alvo. H\u00e1, ainda, doses disponibilizadas para atualizar o cart\u00e3o de vacina\u00e7\u00e3o para quem perdeu alguma dose no Calend\u00e1rio Nacional de Imuniza\u00e7\u00e3o. Para vacinar \u00e9 indispens\u00e1vel a apresenta\u00e7\u00e3o do cart\u00e3o de vacina\u00e7\u00e3o.\u00a0<\/p>\n<p>A campanha conta com a disponibiliza\u00e7\u00e3o de diversas vacinas, entre elas est\u00e3o: tr\u00edplice viral, hepatite B, HPV, hepatite A, rotav\u00edrus, meningite ACWY e C, poliomielite, pneumoc\u00f3cica, pentavalente, Covid-19 e febre amarela.<\/p>\n<p>De acordo com o subsecret\u00e1rio de Vigil\u00e2ncia em Sa\u00fade da SES-MG, Eduardo Prosdoscimi, apenas o imunizante varicela n\u00e3o ser\u00e1 disponibilizado. Segundo o Minist\u00e9rio da Sa\u00fade, o principal fabricante da vacina contra varicela teve problemas de produ\u00e7\u00e3o em 2023, causando impactos no mercado global. Por\u00e9m, j\u00e1 houve formaliza\u00e7\u00e3o de compras por meio da Organiza\u00e7\u00e3o Pan-Americana de Sa\u00fade (OPAS) e interlocu\u00e7\u00e3o para que o Instituto Butantan produza a vacina do laborat\u00f3rio norte-americano MSD no pa\u00eds. Dessa maneira, 8,2 milh\u00f5es de doses foram adquiridas e garantir\u00e3o a regulariza\u00e7\u00e3o dos estoques brasileiros at\u00e9 2026. \u00a0<\/p>\n<h2>Doses aplicadas em MG a partir da campanha<\/h2>\n<p>Segundo a SES-MG, at\u00e9 13 de novembro foram aplicadas 11.573 doses de vacina inativada poliomielite (VIP) e 7.611 doses de MenACWY, contra meningite.<\/p>\n<p>Veja o total de doses aplicadas (at\u00e9 13\/11), por imunobiol\u00f3gico:<\/p>\n<ul>\n<li>BCG: 769<\/li>\n<li>COVID-19 MODERNA &#8211; SPIKEVAX: 1.950<\/li>\n<li>DNG: 5.000<\/li>\n<li>DT: 3<\/li>\n<li>dT: 809<\/li>\n<li>DTP: 3.439<\/li>\n<li>DTPa: 1<\/li>\n<li>dTpa: 38<\/li>\n<li>H\u00c1: 2<\/li>\n<li>HepAinf: 2.953<\/li>\n<li>HepB: 533<\/li>\n<li>HEXA: 105<\/li>\n<li>Hib: 1<\/li>\n<li>HPV4: 3.134<\/li>\n<li>INF3: 130<\/li>\n<li>IGHR: 9<\/li>\n<li>MenACWY: 7.611<\/li>\n<li>MenB: 2<\/li>\n<li>MenC: 1.236<\/li>\n<li>PENTA: 6.958<\/li>\n<li>PENTA acelular: 2<\/li>\n<li>ROTA: 3.709<\/li>\n<li>SCR: 4.753<\/li>\n<li>VAR: 95<\/li>\n<li>VERO: 2<\/li>\n<li>VFA: 5.524<\/li>\n<li>VIP: 11.573<\/li>\n<li>VOP: 78<\/li>\n<li>VPC10: 5.841<\/li>\n<li>VPC13: 16<\/li>\n<li>VPC15: 2<\/li>\n<li>VPP23: 36<\/li>\n<\/ul>\n<p>Confira a lista das 19 salas de vacina abertas no Dia D de Multivacina\u00e7\u00e3o, pr\u00f3ximo s\u00e1bado (23), das 8h \u00e0s 16h (com informa\u00e7\u00f5es da prefeitura de Pouso Alegre &#8211; MG):<\/p>\n<ul>\n<li>Norma de Moraes Tolentino &#8211; Santa Edwirges<\/li>\n<li>Sebasti\u00e3o Reis &#8211; S\u00e3o Jo\u00e3o<\/li>\n<li>Gilberto M. Duarte &#8211; Esplanada<\/li>\n<li>S\u00e3o Crist\u00f3v\u00e3o\/Jardim Brasil &#8211; Jardim Brasil<\/li>\n<li>Centro de Imuniza\u00e7\u00e3o &#8211; Centro<\/li>\n<li>Dr. Jesus R. Pires &#8211; Cidade Jardim<\/li>\n<li>Colinas de Santa B\u00e1rbara &#8211; Colinas de Santa B\u00e1rbara<\/li>\n<li>Jo\u00e3o Evangelista dos Anjos Neto &#8211; Belo Horizonte<\/li>\n<li>Adelson dos Reis Matias &#8211; Jatob\u00e1<\/li>\n<li>Jos\u00e9 Narciso Kersul &#8211; Foch<\/li>\n<li>Moacir de Carvalho &#8211; Yara<\/li>\n<li>S\u00e3o Geraldo &#8211; S\u00e3o Geraldo<\/li>\n<li>Jo\u00e3o de Castro Marques &#8211; F\u00e1tima<\/li>\n<li>Faisqueira P\u00e3o de A\u00e7\u00facar &#8211; P\u00e3o de A\u00e7\u00facar<\/li>\n<li>Unidade Materno Infantil &#8211; S\u00e3o Geraldo<\/li>\n<li>Luiz Gonzaga Ramos &#8211; Faisqueira<\/li>\n<li>Maria Joana Barbosa &#8211; Algod\u00e3o (Zona Rural)<\/li>\n<li>Rosa Luiza Pereira &#8211; Cruz Alta (Zona Rural)<\/li>\n<li>Francisco C. Faria &#8211; Pantano (Zona Rural)<\/li>\n<\/ul>\n<p>Pelo <a href=\"https:\/\/www.saude.mg.gov.br\/vacinamaisminas?gclid=EAIaIQobChMI9ays49jiiQMVx4RhBh2uziPZEAEYASAAEgJdyvD_BwE\" target=\"_blank\">site oficial da SES-MG<\/a> \u00e9 poss\u00edvel acessar um material de comunica\u00e7\u00e3o e mobiliza\u00e7\u00e3o social que pode ser utilizado nas a\u00e7\u00f5es de divulga\u00e7\u00e3o da campanha.\u00a0<\/p>\n<p><strong>Leia mais:<\/strong><\/p>\n<p><a href=\"https:\/\/brasil61.com\/n\/poliomielite-vacina-oral-contra-doenca-e-substituida-por-injetavel-no-brasil-bras2412997\" target=\"_blank\">Poliomielite: vacina oral contra doen\u00e7a \u00e9 substitu\u00edda por injet\u00e1vel no Brasil<\/a><\/p>\n<p><a href=\"https:\/\/brasil61.com\/n\/dr-ajuda-faz-mal-tomar-varias-vacinas-no-mesmo-dia-blog240612?email=luizflorianot@gmail.com&amp;utm_source=newsletter&amp;utm_medium=newsletter&amp;utm_campaign=newsletter\" target=\"_blank\">Dr. Ajuda: faz mal tomar v\u00e1rias vacinas no mesmo dia?<\/a><\/p>\n<p>\u00a0<\/p>\n<p>\t\t\t\t\t\t\t\t\t<img loading=\"lazy\" decoding=\"async\" src=\"https:\/\/brasil61.com\/api\/v1\/serve_pixel\/17677\/78629\" alt=\"Pixel Brasil 61\" class=\"b61_pixel\" width=\"0\" height=\"0\"><\/p>\n<input type=\"hidden\" id=\"baseurl\" value=\"https:\/\/noticiasdestaque.com.br\"><input type=\"hidden\" id=\"audio_nonce\" value=\"9fd43fe80e\">","protected":false},"excerpt":{"rendered":"<p>Mais de 66 mil doses foram aplicadas no estado nos primeiros 13 dias de novembro. A campanha vai at\u00e9 dia 29 deste m\u00eas e oferta diferentes tipos de imunobiol\u00f3gicos <\/p>\n","protected":false},"author":1,"featured_media":40046,"comment_status":"open","ping_status":"open","sticky":false,"template":"","format":"standard","meta":{"fifu_image_url":"","fifu_image_alt":"","footnotes":""},"categories":[51],"tags":[],"class_list":["post-40045","post","type-post","status-publish","format-standard","has-post-thumbnail","hentry","category-saude"],"distributor_meta":false,"distributor_terms":false,"distributor_media":false,"distributor_original_site_name":"Noticias em Destaque","distributor_original_site_url":"https:\/\/noticiasdestaque.com.br","push-errors":false,"_links":{"self":[{"href":"https:\/\/noticiasdestaque.com.br\/index.php\/wp-json\/wp\/v2\/posts\/40045","targetHints":{"allow":["GET"]}}],"collection":[{"href":"https:\/\/noticiasdestaque.com.br\/index.php\/wp-json\/wp\/v2\/posts"}],"about":[{"href":"https:\/\/noticiasdestaque.com.br\/index.php\/wp-json\/wp\/v2\/types\/post"}],"author":[{"embeddable":true,"href":"https:\/\/noticiasdestaque.com.br\/index.php\/wp-json\/wp\/v2\/users\/1"}],"replies":[{"embeddable":true,"href":"https:\/\/noticiasdestaque.com.br\/index.php\/wp-json\/wp\/v2\/comments?post=40045"}],"version-history":[{"count":0,"href":"https:\/\/noticiasdestaque.com.br\/index.php\/wp-json\/wp\/v2\/posts\/40045\/revisions"}],"wp:featuredmedia":[{"embeddable":true,"href":"https:\/\/noticiasdestaque.com.br\/index.php\/wp-json\/wp\/v2\/media\/40046"}],"wp:attachment":[{"href":"https:\/\/noticiasdestaque.com.br\/index.php\/wp-json\/wp\/v2\/media?parent=40045"}],"wp:term":[{"taxonomy":"category","embeddable":true,"href":"https:\/\/noticiasdestaque.com.br\/index.php\/wp-json\/wp\/v2\/categories?post=40045"},{"taxonomy":"post_tag","embeddable":true,"href":"https:\/\/noticiasdestaque.com.br\/index.php\/wp-json\/wp\/v2\/tags?post=40045"}],"curies":[{"name":"wp","href":"https:\/\/api.w.org\/{rel}","templated":true}]}}