{"id":40043,"date":"2024-11-18T17:34:00","date_gmt":"2024-11-18T20:34:00","guid":{"rendered":"https:\/\/noticiasdestaque.com.br\/index.php\/2024\/11\/18\/minas-gerais-campanha-de-multivacinacao-para-criancas-e-adolescentes-vai-ate-29-11\/"},"modified":"2024-11-18T17:34:00","modified_gmt":"2024-11-18T20:34:00","slug":"minas-gerais-campanha-de-multivacinacao-para-criancas-e-adolescentes-vai-ate-29-11","status":"publish","type":"post","link":"https:\/\/noticiasdestaque.com.br\/index.php\/2024\/11\/18\/minas-gerais-campanha-de-multivacinacao-para-criancas-e-adolescentes-vai-ate-29-11\/","title":{"rendered":"Minas Gerais: campanha de multivacina\u00e7\u00e3o para  crian\u00e7as e adolescentes vai at\u00e9 29\/11"},"content":{"rendered":"<p>\t\t\t\t\t\t\t\t\t\t<audio controls class=\"b61_audio_player\" data-noticia=\"78584\" src=\"https:\/\/brasil61.com\/rails\/active_storage\/blobs\/eyJfcmFpbHMiOnsibWVzc2FnZSI6IkJBaHBBNnNTQXc9PSIsImV4cCI6bnVsbCwicHVyIjoiYmxvYl9pZCJ9fQ==--610b9d17d57c7f61a3f5c787f7d9c6d2eae0d8fe\/BRAS2413031A\"><\/audio><\/p>\n<p>Com o objetivo de garantir a atualiza\u00e7\u00e3o do cart\u00e3o de vacina\u00e7\u00e3o de todas as crian\u00e7as e adolescentes mineiros de at\u00e9 15 anos, a Secretaria de Estado de Sa\u00fade de Minas Gerais (SES-MG) lan\u00e7ou a Campanha Vacina Mais Minas Gerais. A iniciativa vai at\u00e9 o dia 29 deste m\u00eas e contar\u00e1 com o dia D, em 23\/11.\u00a0<\/p>\n<p>De acordo com a SES-MG, mais de 1,9 milh\u00e3o de doses de imunizantes foram distribu\u00eddas para atender ao p\u00fablico-alvo. Al\u00e9m disso, as doses tamb\u00e9m ser\u00e3o disponibilizadas para atualiza\u00e7\u00e3o do cart\u00e3o de vacina\u00e7\u00e3o para aqueles que perderam alguma dose no calend\u00e1rio nacional de imuniza\u00e7\u00e3o.<\/p>\n<p>A meta da secretaria \u00e9 refor\u00e7ar a import\u00e2ncia da imuniza\u00e7\u00e3o para a sa\u00fade individual e coletiva das pessoas, em especial, das crian\u00e7as.<\/p>\n<p>As doses ser\u00e3o disponibilizadas durante o hor\u00e1rio de funcionamento das UBS\u2019s e tamb\u00e9m no Departamento de Sa\u00fade da Mulher, Gestante, Crian\u00e7a e Adolescente (DSMGCA).\u00a0<\/p>\n<p>Confira <a href=\"https:\/\/www.pjf.mg.gov.br\/noticias\/view.php?modo=link2&amp;idnoticia2=84790\" target=\"_blank\">aqui<\/a> o hor\u00e1rio de funcionamento das Salas de Vacina em Minas Gerais.\u00a0<\/p>\n<h2>Vacinas dispon\u00edveis\u00a0<\/h2>\n<p>A campanha conta com a disponibiliza\u00e7\u00e3o de diversas vacinas, entre elas est\u00e3o: tr\u00edplice viral, hepatite B, HPV, hepatite A, rotav\u00edrus, meningite ACWY e C, poliomielite, pneumoc\u00f3cica, pentavalente, Covid-19 e febre amarela.<\/p>\n<h2>Import\u00e2ncia da vacina\u00e7\u00e3o e da campanha<\/h2>\n<p>A SES-MG adverte que infec\u00e7\u00f5es como a poliomielite, sarampo e caxumba, bem como rub\u00e9ola, rotav\u00edrus e meningites s\u00e3o doen\u00e7as graves e podem trazer complica\u00e7\u00f5es \u00e0s crian\u00e7as e tamb\u00e9m aos adultos, incluindo pneumonia, encefalite, cegueira, entre outras altera\u00e7\u00f5es. Estas doen\u00e7as n\u00e3o devem ser ignoradas e s\u00e3o evit\u00e1veis por meio das vacinas.<\/p>\n<p>Com a imuniza\u00e7\u00e3o,\u00a0h\u00e1 menos risco de adoecimento e redu\u00e7\u00e3o de chances de evolu\u00e7\u00e3o para quadros graves, que podem levar \u00e0 interna\u00e7\u00e3o ou ao \u00f3bito.<\/p>\n<p>A campanha surge diante de um cen\u00e1rio no pa\u00eds com baixas coberturas vacinais registradas nos \u00faltimos anos, que segundo a SES-MG contribu\u00edram para o aumento e, em alguns casos, at\u00e9 mesmo a volta de doen\u00e7as controladas at\u00e9 ent\u00e3o consideradas erradicadas no territ\u00f3rio.<\/p>\n<p>Confira a lista das 19 salas de vacina abertas no Dia D de Multivacina\u00e7\u00e3o, dia 23\/11, das 8h \u00e0s 16h (com informa\u00e7\u00f5es da prefeitura de Pouso Alegre &#8211; MG):<\/p>\n<ul>\n<li>Norma de Moraes Tolentino &#8211; Santa Edwirges<\/li>\n<li>Sebasti\u00e3o Reis &#8211; S\u00e3o Jo\u00e3o<\/li>\n<li>Gilberto M. Duarte &#8211; Esplanada<\/li>\n<li>S\u00e3o Crist\u00f3v\u00e3o\/Jardim Brasil &#8211; Jardim Brasil<\/li>\n<li>Centro de Imuniza\u00e7\u00e3o &#8211; Centro<\/li>\n<li>Dr. Jesus R. Pires &#8211; Cidade Jardim<\/li>\n<li>Colinas de Santa B\u00e1rbara &#8211; Colinas de Santa B\u00e1rbara<\/li>\n<li>Jo\u00e3o Evangelista dos Anjos Neto &#8211; Belo Horizonte<\/li>\n<li>Adelson dos Reis Matias &#8211; Jatob\u00e1<\/li>\n<li>Jos\u00e9 Narciso Kersul &#8211; Foch<\/li>\n<li>Moacir de Carvalho &#8211; Yara<\/li>\n<li>S\u00e3o Geraldo &#8211; S\u00e3o Geraldo<\/li>\n<li>Jo\u00e3o de Castro Marques &#8211; F\u00e1tima<\/li>\n<li>Faisqueira P\u00e3o de A\u00e7\u00facar &#8211; P\u00e3o de A\u00e7\u00facar<\/li>\n<li>Unidade Materno Infantil &#8211; S\u00e3o Geraldo<\/li>\n<li>Luiz Gonzaga Ramos &#8211; Faisqueira<\/li>\n<li>Maria Joana Barbosa &#8211; Algod\u00e3o (Zona Rural)<\/li>\n<li>Rosa Luiza Pereira &#8211; Cruz Alta (Zona Rural)<\/li>\n<li>Francisco C. Faria &#8211; Pantano (Zona Rural)<\/li>\n<\/ul>\n<p>Pelo <a href=\"https:\/\/www.saude.mg.gov.br\/vacinamaisminas?gclid=EAIaIQobChMI9ays49jiiQMVx4RhBh2uziPZEAEYASAAEgJdyvD_BwE\" target=\"_blank\">site oficial da SES-MG<\/a> \u00e9 poss\u00edvel acessar um material de comunica\u00e7\u00e3o e mobiliza\u00e7\u00e3o social que pode ser utilizado nas a\u00e7\u00f5es de divulga\u00e7\u00e3o da campanha.<\/p>\n<h2>Cobertura vacinal nacional<\/h2>\n<p>Segundo o <a href=\"https:\/\/www.gov.br\/saude\/pt-br\" target=\"_blank\">Minist\u00e9rio da Sa\u00fade<\/a>, o governo ampliou a cobertura vacinal &#8211; e, com isso, evitou o desperd\u00edcio de R$ 251,2 milh\u00f5es em doses que seriam descartadas &#8211; a partir de a\u00e7\u00f5es, por meio de doa\u00e7\u00f5es internacionais. E, ainda, contou com a colabora\u00e7\u00e3o de estados e munic\u00edpios para utiliza\u00e7\u00e3o de mais de 12,3 milh\u00f5es de doses de vacinas que seriam perdidas.\u00a0<\/p>\n<p>Em nota, o MS informou que o atual governo herdou da gest\u00e3o passada 53,5 milh\u00f5es de vacinas com curto prazo de validade e, ainda, a falta de algumas vacinas \u2013 como BCG, hepatite B, vacina oral da poliomielite e tr\u00edplice viral. Segundo a Pasta, atualmente os estoques de vacinas est\u00e3o regularizados no pa\u00eds e a exce\u00e7\u00e3o \u00e9 a vacina contra varicela.<\/p>\n<p>O MS informou que o principal fabricante da vacina contra varicela apresentou problema de produ\u00e7\u00e3o em 2023, impactando o mercado global. Por\u00e9m, j\u00e1 houve formaliza\u00e7\u00e3o de compras por meio da Organiza\u00e7\u00e3o Pan-Americana de Sa\u00fade (OPAS) e interlocu\u00e7\u00e3o para que o Instituto Butantan produza a vacina do laborat\u00f3rio norte americano MSD no pa\u00eds. Dessa maneira, 8,2 milh\u00f5es de doses foram adquiridas e garantir\u00e3o a regulariza\u00e7\u00e3o dos estoques brasileiros at\u00e9 2026.\u00a0<br \/>\n\u00a0<\/p>\n<p>\t\t\t\t\t\t\t\t\t<img loading=\"lazy\" decoding=\"async\" src=\"https:\/\/brasil61.com\/api\/v1\/serve_pixel\/17677\/78584\" alt=\"Pixel Brasil 61\" class=\"b61_pixel\" width=\"0\" height=\"0\"><\/p>\n<input type=\"hidden\" id=\"baseurl\" value=\"https:\/\/noticiasdestaque.com.br\"><input type=\"hidden\" id=\"audio_nonce\" value=\"581f3017e1\">","protected":false},"excerpt":{"rendered":"<p>A ideia \u00e9 refor\u00e7ar a import\u00e2ncia da imuniza\u00e7\u00e3o para a sa\u00fade individual e coletiva e garantir a atualiza\u00e7\u00e3o do cart\u00e3o de vacinas. O dia D da iniciativa ser\u00e1 em 23 de novembro<\/p>\n","protected":false},"author":1,"featured_media":40044,"comment_status":"open","ping_status":"open","sticky":false,"template":"","format":"standard","meta":{"fifu_image_url":"","fifu_image_alt":"","footnotes":""},"categories":[51],"tags":[],"class_list":["post-40043","post","type-post","status-publish","format-standard","has-post-thumbnail","hentry","category-saude"],"distributor_meta":false,"distributor_terms":false,"distributor_media":false,"distributor_original_site_name":"Noticias em Destaque","distributor_original_site_url":"https:\/\/noticiasdestaque.com.br","push-errors":false,"_links":{"self":[{"href":"https:\/\/noticiasdestaque.com.br\/index.php\/wp-json\/wp\/v2\/posts\/40043","targetHints":{"allow":["GET"]}}],"collection":[{"href":"https:\/\/noticiasdestaque.com.br\/index.php\/wp-json\/wp\/v2\/posts"}],"about":[{"href":"https:\/\/noticiasdestaque.com.br\/index.php\/wp-json\/wp\/v2\/types\/post"}],"author":[{"embeddable":true,"href":"https:\/\/noticiasdestaque.com.br\/index.php\/wp-json\/wp\/v2\/users\/1"}],"replies":[{"embeddable":true,"href":"https:\/\/noticiasdestaque.com.br\/index.php\/wp-json\/wp\/v2\/comments?post=40043"}],"version-history":[{"count":0,"href":"https:\/\/noticiasdestaque.com.br\/index.php\/wp-json\/wp\/v2\/posts\/40043\/revisions"}],"wp:featuredmedia":[{"embeddable":true,"href":"https:\/\/noticiasdestaque.com.br\/index.php\/wp-json\/wp\/v2\/media\/40044"}],"wp:attachment":[{"href":"https:\/\/noticiasdestaque.com.br\/index.php\/wp-json\/wp\/v2\/media?parent=40043"}],"wp:term":[{"taxonomy":"category","embeddable":true,"href":"https:\/\/noticiasdestaque.com.br\/index.php\/wp-json\/wp\/v2\/categories?post=40043"},{"taxonomy":"post_tag","embeddable":true,"href":"https:\/\/noticiasdestaque.com.br\/index.php\/wp-json\/wp\/v2\/tags?post=40043"}],"curies":[{"name":"wp","href":"https:\/\/api.w.org\/{rel}","templated":true}]}}