{"id":40041,"date":"2024-11-14T00:04:00","date_gmt":"2024-11-14T03:04:00","guid":{"rendered":"https:\/\/noticiasdestaque.com.br\/index.php\/2024\/11\/14\/dengue-el-nino-aumenta-infestacao-do-mosquito-transmissor-em-sao-paulo-diz-pesquisa\/"},"modified":"2024-11-14T00:04:00","modified_gmt":"2024-11-14T03:04:00","slug":"dengue-el-nino-aumenta-infestacao-do-mosquito-transmissor-em-sao-paulo-diz-pesquisa","status":"publish","type":"post","link":"https:\/\/noticiasdestaque.com.br\/index.php\/2024\/11\/14\/dengue-el-nino-aumenta-infestacao-do-mosquito-transmissor-em-sao-paulo-diz-pesquisa\/","title":{"rendered":"Dengue: El Ni\u00f1o aumenta infesta\u00e7\u00e3o do mosquito transmissor em S\u00e3o Paulo, diz pesquisa"},"content":{"rendered":"<p>\t\t\t\t\t\t\t\t\t\t<audio controls class=\"b61_audio_player\" data-noticia=\"78515\" src=\"https:\/\/brasil61.com\/rails\/active_storage\/blobs\/eyJfcmFpbHMiOnsibWVzc2FnZSI6IkJBaHBBOGdSQXc9PSIsImV4cCI6bnVsbCwicHVyIjoiYmxvYl9pZCJ9fQ==--c11f87b60dd6c203d7620d5e247fb403543b4fbf\/BRAS2413007A\"><\/audio><\/p>\n<p>O El Ni\u00f1o aumenta a infesta\u00e7\u00e3o do mosquito transmissor da dengue no estado de S\u00e3o Paulo, segundo uma pesquisa publicada na revista internacional PLOS Neglected Tropical Diseases (Doen\u00e7as Tropicais Negligenciadas). Os pesquisadores usaram dados dos 645 munic\u00edpios de SP, de 2008 a 2018.\u00a0<\/p>\n<p>Os resultados do estudo apontaram que, em anos de El Ni\u00f1o, o n\u00famero de recipientes positivos para larvas nas \u00e1reas coletadas nos munic\u00edpios aumenta em 1,30 unidade em compara\u00e7\u00e3o a eventos clim\u00e1ticos mais fracos.\u00a0<\/p>\n<p>Os cientistas mostraram que os \u00edndices de incid\u00eancia de larvas aumentam a partir dos efeitos do fen\u00f4meno clim\u00e1tico, com temperaturas acima de 23,3\u00b0C e volume de chuvas que ultrapassam 153 mm. O El Ni\u00f1o \u00e9 um fen\u00f4meno clim\u00e1tico que \u00e9 caracterizado pelo aquecimento anormal da superf\u00edcie do oceano.<\/p>\n<p>Em nota, o coautor do artigo, estat\u00edstico e pesquisador do Instituto Pasteur, Gerson Laurindo Barbosa, destacou que n\u00e3o foram analisados os casos de dengue no per\u00edodo. Por\u00e9m, ele destacou que se h\u00e1 aumento de infesta\u00e7\u00e3o do vetor, consequentemente existir\u00e3o mais registros da doen\u00e7a, j\u00e1 que o v\u00edrus circula na localidade.\u00a0<\/p>\n<p>Os dados utilizados para realiza\u00e7\u00e3o do estudo s\u00e3o do levantamento de larvas do Aedes aegypti \u2013 \u00edndice de Breteau\u2013, de temperatura e precipita\u00e7\u00e3o, com ajustes para densidade populacional e, ainda, desigualdades sociais.<\/p>\n<h2>Incid\u00eancia e casos de dengue no Brasil<\/h2>\n<p>Segundo o <a href=\"https:\/\/www.gov.br\/saude\/pt-br\/assuntos\/saude-de-a-a-z\/a\/aedes-aegypti\/monitoramento-das-arboviroses\" target=\"_blank\">Painel de Monitoramento das Arboviroses<\/a> do <a href=\"https:\/\/www.gov.br\/saude\/pt-br\" target=\"_blank\">Minist\u00e9rio da Sa\u00fade<\/a>, o Brasil j\u00e1 registrou 6.565.224 casos prov\u00e1veis e totalizou 5.806 \u00f3bitos por dengue.\u00a0<\/p>\n<p>O estado de S\u00e3o Paulo aparece em primeiro lugar no ranking de dengue grave e com sinais de alarme em 2024, com 26.227 casos. Al\u00e9m disso, o coeficiente de incid\u00eancia de casos prov\u00e1veis no estado \u00e9 de 4819,9\u00a0e soma 2.141.014\u00a0casos prov\u00e1veis de dengue.<\/p>\n<p>O <a href=\"http:\/\/file:\/\/\/C:\/Users\/User\/Downloads\/Informe%20Semanal%20SNA%20-%20SE%2044.pdf\" target=\"_blank\">Informe Semanal de Arboviroses Urbanas<\/a> mais recente da pasta, publicado no \u00faltimo dia 5,\u00a0referente \u00e0 semana 44, mostra que foram notificados 6.553.317 casos prov\u00e1veis de dengue no Brasil, correspondendo a um coeficiente de incid\u00eancia de 3.227,2 casos por 100 mil habitantes em todo o pa\u00eds.<\/p>\n<p>Sudeste, Centro-Oeste e Sul s\u00e3o as regi\u00f5es que t\u00eam os maiores coeficientes de incid\u00eancia. J\u00e1 entre as unidades da federa\u00e7\u00e3o, Distrito Federal, Minas Gerais, Paran\u00e1, S\u00e3o Paulo, Santa Catarina e Goi\u00e1s t\u00eam os\u00a0maiores. Inclusive, os casos de dengue grave e com sinais de alarme est\u00e3o concentrados na Regi\u00e3o Sudeste (48,1%).<\/p>\n<h2>Plano de a\u00e7\u00e3o e combate\u00a0<\/h2>\n<p>Com vistas a tentar combater os casos e \u00f3bitos por arboviroses \u2013 dengue, chikungunya, Zika e oropouche \u2013, o governo federal lan\u00e7ou \u00a0o <a href=\"https:\/\/www.gov.br\/saude\/pt-br\/centrais-de-conteudo\/publicacoes\/guias-e-manuais\/2024\/guia-plano-de-acao-para-reducao-da-dengue-e-outras-arboviroses.pdf\" target=\"_blank\">plano de a\u00e7\u00e3o para redu\u00e7\u00e3o dos impactos das arboviroses<\/a>, para o per\u00edodo sazonal 2024\/2025. As a\u00e7\u00f5es ser\u00e3o coordenadas pelo Minist\u00e9rio da Sa\u00fade, em parceria com estados, munic\u00edpios, institui\u00e7\u00f5es p\u00fablicas e privadas, al\u00e9m de organiza\u00e7\u00f5es sociais. \u00a0<br \/>\n\u00a0<\/p>\n<p>\t\t\t\t\t\t\t\t\t<img loading=\"lazy\" decoding=\"async\" src=\"https:\/\/brasil61.com\/api\/v1\/serve_pixel\/17677\/78515\" alt=\"Pixel Brasil 61\" class=\"b61_pixel\" width=\"0\" height=\"0\"><\/p>\n<input type=\"hidden\" id=\"baseurl\" value=\"https:\/\/noticiasdestaque.com.br\"><input type=\"hidden\" id=\"audio_nonce\" value=\"6f73a554f1\">","protected":false},"excerpt":{"rendered":"<p>Levantamento usou dados dos 645 munic\u00edpios de SP, de 2008 a 2018. Cientistas mostraram que os \u00edndices de incid\u00eancia de larvas do mosquito em recipientes ao ar livre aumentam em fun\u00e7\u00e3o dos efeitos do fen\u00f4meno clim\u00e1tico<\/p>\n","protected":false},"author":1,"featured_media":40042,"comment_status":"open","ping_status":"open","sticky":false,"template":"","format":"standard","meta":{"fifu_image_url":"","fifu_image_alt":"","footnotes":""},"categories":[51],"tags":[],"class_list":["post-40041","post","type-post","status-publish","format-standard","has-post-thumbnail","hentry","category-saude"],"distributor_meta":false,"distributor_terms":false,"distributor_media":false,"distributor_original_site_name":"Noticias em Destaque","distributor_original_site_url":"https:\/\/noticiasdestaque.com.br","push-errors":false,"_links":{"self":[{"href":"https:\/\/noticiasdestaque.com.br\/index.php\/wp-json\/wp\/v2\/posts\/40041","targetHints":{"allow":["GET"]}}],"collection":[{"href":"https:\/\/noticiasdestaque.com.br\/index.php\/wp-json\/wp\/v2\/posts"}],"about":[{"href":"https:\/\/noticiasdestaque.com.br\/index.php\/wp-json\/wp\/v2\/types\/post"}],"author":[{"embeddable":true,"href":"https:\/\/noticiasdestaque.com.br\/index.php\/wp-json\/wp\/v2\/users\/1"}],"replies":[{"embeddable":true,"href":"https:\/\/noticiasdestaque.com.br\/index.php\/wp-json\/wp\/v2\/comments?post=40041"}],"version-history":[{"count":0,"href":"https:\/\/noticiasdestaque.com.br\/index.php\/wp-json\/wp\/v2\/posts\/40041\/revisions"}],"wp:featuredmedia":[{"embeddable":true,"href":"https:\/\/noticiasdestaque.com.br\/index.php\/wp-json\/wp\/v2\/media\/40042"}],"wp:attachment":[{"href":"https:\/\/noticiasdestaque.com.br\/index.php\/wp-json\/wp\/v2\/media?parent=40041"}],"wp:term":[{"taxonomy":"category","embeddable":true,"href":"https:\/\/noticiasdestaque.com.br\/index.php\/wp-json\/wp\/v2\/categories?post=40041"},{"taxonomy":"post_tag","embeddable":true,"href":"https:\/\/noticiasdestaque.com.br\/index.php\/wp-json\/wp\/v2\/tags?post=40041"}],"curies":[{"name":"wp","href":"https:\/\/api.w.org\/{rel}","templated":true}]}}